{"id":72722,"date":"2026-04-13T07:30:19","date_gmt":"2026-04-13T10:30:19","guid":{"rendered":"https:\/\/mussicom.com\/eduardo-varela-assume-presidencia-do-camps-santos\/"},"modified":"2026-04-13T07:30:19","modified_gmt":"2026-04-13T10:30:19","slug":"eduardo-varela-assume-presidencia-do-camps-santos","status":"publish","type":"post","link":"https:\/\/mussicom.com\/noticias\/eduardo-varela-assume-presidencia-do-camps-santos\/","title":{"rendered":"Eduardo Varela assume presid\u00eancia do Camps Santos"},"content":{"rendered":"<p> <br \/>\n<\/p>\n<div>\n<p>O Centro de Aprendizagem e Mobiliza\u00e7\u00e3o Profissional e Social (Camps) Santos realizou, na tarde desta sexta-feira (10), a cerim\u00f4nia de nomea\u00e7\u00e3o da nova diretoria e conselhos deliberativo e fiscal para a gest\u00e3o de 2026\u20132028. O evento marca a transi\u00e7\u00e3o da presid\u00eancia, com a posse de Eduardo Varela, que assume o cargo ap\u00f3s duas gest\u00f5es de Elber Justo \u00e0 frente da institui\u00e7\u00e3o.<\/p>\n<p>A nova diretoria do Camps Santos foi eleita em assembleia realizada no dia 16 de mar\u00e7o. A cerim\u00f4nia de posse ocorreu na sede da institui\u00e7\u00e3o e contou com a presen\u00e7a de autoridades, diretores, conselheiros, colaboradores e aprendizes do CAMPS e representantes de empresas parceiras. A vice-prefeita de Santos, Audrey Kleys (PSD); a ju\u00edza Renata Gusm\u00e3o, coordenadora do N\u00facleo de Justi\u00e7a Restaurativa de Santos; e o Capit\u00e3o de Mar e Guerra Leandro Gomes Mendes, comandante da Capitania dos Portos de Santos, tamb\u00e9m prestigiaram a cerim\u00f4nia.<\/p>\n<p><img alt=\"\" fetchpriority=\"high\" decoding=\"async\" class=\"alignnone size-large wp-image-265681\" src=\"https:\/\/jornaldaorla.com.br\/wp-content\/uploads\/2026\/04\/NOVO-PRESIDENTE-CAMPS-1-683x1024.jpg\" alt=\"\" width=\"683\" height=\"1024\" srcset=\"https:\/\/jornaldaorla.com.br\/wp-content\/uploads\/2026\/04\/NOVO-PRESIDENTE-CAMPS-1-683x1024.jpg 683w, https:\/\/jornaldaorla.com.br\/wp-content\/uploads\/2026\/04\/NOVO-PRESIDENTE-CAMPS-1-200x300.jpg 200w, https:\/\/jornaldaorla.com.br\/wp-content\/uploads\/2026\/04\/NOVO-PRESIDENTE-CAMPS-1-768x1152.jpg 768w, https:\/\/jornaldaorla.com.br\/wp-content\/uploads\/2026\/04\/NOVO-PRESIDENTE-CAMPS-1-1024x1536.jpg 1024w, https:\/\/jornaldaorla.com.br\/wp-content\/uploads\/2026\/04\/NOVO-PRESIDENTE-CAMPS-1-1366x2048.jpg 1366w, https:\/\/jornaldaorla.com.br\/wp-content\/uploads\/2026\/04\/NOVO-PRESIDENTE-CAMPS-1.jpg 1707w\" sizes=\"(max-width: 683px) 100vw, 683px\" data-eio=\"l\"\/><\/p>\n<p>Engenheiro, empres\u00e1rio e especialista em desenvolvimento de pessoas, Eduardo Varela assume a presid\u00eancia com o objetivo de ampliar ainda mais o impacto social do Camps.<\/p>\n<p>Com trajet\u00f3ria iniciada em 1998, Varela atuou em grandes empresas nos setores industrial, mar\u00edtimo-portu\u00e1rio e de petr\u00f3leo e g\u00e1s offshore. Em 2011, fundou a EVO Human Safety Solutions, empresa por meio da qual j\u00e1 contribuiu para a forma\u00e7\u00e3o de mais de 600 mil pessoas em mais de 40 pa\u00edses. Associado ao Camps desde 2018, tem passagens pelo Conselho Fiscal, Diretoria Executiva e Vice-Presid\u00eancia. Agora, assume a dire\u00e7\u00e3o com a proposta de dar continuidade ao crescimento da institui\u00e7\u00e3o, aliando tradi\u00e7\u00e3o e inova\u00e7\u00e3o, com foco na amplia\u00e7\u00e3o de oportunidades para jovens.<\/p>\n<p>\u201cO que se pode esperar \u00e9 uma gest\u00e3o voltada para o desenvolvimento de pessoas, com foco em fortalecer as compet\u00eancias dos jovens, conectando-os ao mercado de trabalho. A proposta \u00e9 ampliar o n\u00famero de oportunidades e expandir as parcerias com empresas, sempre com um olhar de crescimento \u2014 porque o c\u00e9u \u00e9 o limite. \u201cQueremos fortalecer ainda mais a conex\u00e3o com as empresas e acompanhar as transforma\u00e7\u00f5es do mercado, investindo em inova\u00e7\u00e3o, desenvolvimento humano e novas metodologias de ensino. O objetivo \u00e9 claro: gerar mais oportunidades e transformar ainda mais vidas\u201d.<\/p>\n<\/div>\n<p><br \/>\n<br \/>Fonte: <a href=\"https:\/\/jornaldaorla.com.br\/noticias\/eduardo-varela-assume-presidencia-do-camps-santos\/\">Jornal Da Orla<\/a><\/p>\n","protected":false},"excerpt":{"rendered":"<p>O Centro de Aprendizagem e Mobiliza\u00e7\u00e3o Profissional e Social (Camps) Santos realizou, na tarde desta sexta-feira (10), a cerim\u00f4nia de nomea\u00e7\u00e3o da nova diretoria e conselhos deliberativo e fiscal para a gest\u00e3o de 2026\u20132028. O evento marca a transi\u00e7\u00e3o da presid\u00eancia, com a posse de Eduardo Varela, que assume o cargo ap\u00f3s duas gest\u00f5es de [&hellip;]<\/p>\n","protected":false},"author":5,"featured_media":72723,"comment_status":"open","ping_status":"open","sticky":false,"template":"","format":"standard","meta":{"_seopress_robots_primary_cat":"","_seopress_titles_title":"","_seopress_titles_desc":"","_seopress_robots_index":"","footnotes":""},"categories":[52],"tags":[],"class_list":["post-72722","post","type-post","status-publish","format-standard","has-post-thumbnail","hentry","category-santoseregiao"],"_links":{"self":[{"href":"https:\/\/mussicom.com\/noticias\/wp-json\/wp\/v2\/posts\/72722","targetHints":{"allow":["GET"]}}],"collection":[{"href":"https:\/\/mussicom.com\/noticias\/wp-json\/wp\/v2\/posts"}],"about":[{"href":"https:\/\/mussicom.com\/noticias\/wp-json\/wp\/v2\/types\/post"}],"author":[{"embeddable":true,"href":"https:\/\/mussicom.com\/noticias\/wp-json\/wp\/v2\/users\/5"}],"replies":[{"embeddable":true,"href":"https:\/\/mussicom.com\/noticias\/wp-json\/wp\/v2\/comments?post=72722"}],"version-history":[{"count":0,"href":"https:\/\/mussicom.com\/noticias\/wp-json\/wp\/v2\/posts\/72722\/revisions"}],"wp:featuredmedia":[{"embeddable":true,"href":"https:\/\/mussicom.com\/noticias\/wp-json\/wp\/v2\/media\/72723"}],"wp:attachment":[{"href":"https:\/\/mussicom.com\/noticias\/wp-json\/wp\/v2\/media?parent=72722"}],"wp:term":[{"taxonomy":"category","embeddable":true,"href":"https:\/\/mussicom.com\/noticias\/wp-json\/wp\/v2\/categories?post=72722"},{"taxonomy":"post_tag","embeddable":true,"href":"https:\/\/mussicom.com\/noticias\/wp-json\/wp\/v2\/tags?post=72722"}],"curies":[{"name":"wp","href":"https:\/\/api.w.org\/{rel}","templated":true}]}}