{"id":72674,"date":"2026-04-12T20:12:20","date_gmt":"2026-04-12T23:12:20","guid":{"rendered":"https:\/\/mussicom.com\/quem-e-peter-magyar-o-opositor-que-derrotou-orban-na-hungria\/"},"modified":"2026-04-12T20:12:20","modified_gmt":"2026-04-12T23:12:20","slug":"quem-e-peter-magyar-o-opositor-que-derrotou-orban-na-hungria","status":"publish","type":"post","link":"https:\/\/mussicom.com\/noticias\/quem-e-peter-magyar-o-opositor-que-derrotou-orban-na-hungria\/","title":{"rendered":"Quem \u00e9 P\u00e9ter Magyar, o opositor que derrotou Orb\u00e1n na Hungria"},"content":{"rendered":"<p> <br \/>\n<\/p>\n<div id=\"tp-post-content\">\n<p class=\"postParagraph_post-paragraph__juWZN postParagraph_post-paragraph-innerHtml__Q5vwc\">O eleitorado h\u00fangaro decidiu neste domingo (12) encerrar os 16 anos de poder do primeiro-ministro Viktor Orb\u00e1n e entregar o comando do pa\u00eds \u00e0 oposi\u00e7\u00e3o. Com mais de 53% dos votos e 138 das 199 cadeiras do Parlamento, o Tisza, partido de centro-direita liderado por P\u00e9ter Magyar, um ex-aliado do pr\u00f3prio Orb\u00e1n, conquistou uma ampla maioria necess\u00e1ria para governar e at\u00e9 reformar a Constitui\u00e7\u00e3o, segundo os resultados com 97% dos votos apurados.<\/p>\n<p class=\"postParagraph_post-paragraph__juWZN postParagraph_post-paragraph-innerHtml__Q5vwc\">Magyar, de 45 anos, \u00e9 filho de advogados e formado em direito. Ele construiu sua trajet\u00f3ria pol\u00edtica dentro das estruturas de poder do Fidesz, o partido de Orb\u00e1n, chegando a trabalhar como diplomata h\u00fangaro em Bruxelas. Ele tamb\u00e9m dirigiu o Centro de Empr\u00e9stimos Estudantis da Hungria e ocupou cargos em empresas estatais e no Banco de Desenvolvimento do pa\u00eds.<\/p>\n<p class=\"postParagraph_post-paragraph__juWZN postParagraph_post-paragraph-innerHtml__Q5vwc\">Magyar foi casado com Judit Varga, que chegou a ser ministra da Justi\u00e7a no governo Orb\u00e1n. O casal se divorciou em mar\u00e7o de 2023, segundo Magyar, em parte por diverg\u00eancias pol\u00edticas. Varga, por sua vez, acusou o ex-marido de agress\u00e3o f\u00edsica e verbal. Magyar nega as acusa\u00e7\u00f5es, classificando-as como &#8220;propaganda&#8221; orquestrada pelo entorno de Orb\u00e1n. O caso ainda n\u00e3o foi julgado.<\/p>\n<p class=\"postParagraph_post-paragraph__juWZN postParagraph_post-paragraph-innerHtml__Q5vwc\">Magyar se apresenta como um &#8220;conservador de centro-direita&#8221; &#8211; n\u00e3o como uma alternativa de esquerda a Orb\u00e1n. Entre suas principais propostas est\u00e3o o combate \u00e0 corrup\u00e7\u00e3o sistem\u00e1tica no pa\u00eds, o fortalecimento da independ\u00eancia da m\u00eddia e do judici\u00e1rio, maior transpar\u00eancia em licita\u00e7\u00f5es p\u00fablicas e a limita\u00e7\u00e3o do mandato de primeiros-ministros a dois termos &#8211; medida que, caso seja levada adiante, impediria Orb\u00e1n de concorrer novamente ao cargo.<\/p>\n<p class=\"postParagraph_post-paragraph__juWZN postParagraph_post-paragraph-innerHtml__Q5vwc\">Na pol\u00edtica externa, Magyar promete reduzir a depend\u00eancia energ\u00e9tica da Hungria em rela\u00e7\u00e3o \u00e0 R\u00fassia at\u00e9 2035, realinhar o pa\u00eds com a Uni\u00e3o Europeia (UE) &#8211; que \u00e9 criticada pelo governo Orb\u00e1n, que \u00e9 visto como um aliado da R\u00fassia dentro do bloco &#8211; e adotar postura mais favor\u00e1vel \u00e0 Ucr\u00e2nia do que a de Orb\u00e1n, embora mantenha a posi\u00e7\u00e3o do governo atual de n\u00e3o enviar armas a Kiev, conforme declarou durante a campanha.<\/p>\n<h2 class=\"postParagraph_post-paragraph__juWZN postParagraph_post-paragraph-innerHtml__Q5vwc postParagraph_type-tag-h2__TtFkT\">Partido vencedor ficou anos \u201ccongelado\u201d<\/h2>\n<p class=\"postParagraph_post-paragraph__juWZN postParagraph_post-paragraph-innerHtml__Q5vwc\">O partido de centro-direita Tisza &#8211; nome que vem de Tisztelet \u00e9s Szabads\u00e1g, &#8220;Respeito e Liberdade&#8221; em h\u00fangaro &#8211; foi fundado em 2020, mas ficou inativo at\u00e9 Magyar assumir seu controle, em 2024, ap\u00f3s romper com a legenda de Orb\u00e1n devido a um esc\u00e2ndalo. Naquela ocasi\u00e3o, com apenas tr\u00eas meses de campanha, o partido estreou nas elei\u00e7\u00f5es para o Parlamento Europeu de junho de 2024 e obteve 29,6% dos votos, elegendo sete deputados. O desempenho foi considerado expressivo para uma legenda rec\u00e9m-reorganizada.<\/p>\n<p class=\"postParagraph_post-paragraph__juWZN postParagraph_post-paragraph-innerHtml__Q5vwc\">Nos meses seguintes, Magyar percorreu o pa\u00eds de ponta a ponta. Visitou 500 munic\u00edpios durante a atual campanha parlamentar, chegando a cidades pequenas e vilarejos que historicamente eram redutos do Fidesz. Em maio do ano passado, ele chegou a caminhar 250 quil\u00f4metros de Budapeste at\u00e9 a cidade romena de Oradea para conquistar o apoio de minorias h\u00fangaras que vivem em pa\u00edses vizinhos e que costumavam votar em Orb\u00e1n.<\/p>\n<h2 class=\"postParagraph_post-paragraph__juWZN postParagraph_post-paragraph-innerHtml__Q5vwc postParagraph_type-tag-h2__TtFkT\">Orb\u00e1n j\u00e1 reconheceu a derrota e parabenizou o advers\u00e1rio<\/h2>\n<p class=\"postParagraph_post-paragraph__juWZN postParagraph_post-paragraph-innerHtml__Q5vwc\">O pr\u00f3prio Orb\u00e1n reconheceu publicamente a derrota eleitoral neste domingo. &#8220;Para n\u00f3s o resultado \u00e9 doloroso, mas deixou claro que n\u00e3o nos foi outorgada a responsabilidade de governar&#8221;, disse o ainda premier em pronunciamento a apoiadores em Budapeste. &#8220;N\u00e3o nos rendemos! Nunca, jamais nos daremos por vencidos!&#8221;, acrescentou.<\/p>\n<p class=\"postParagraph_post-paragraph__juWZN postParagraph_post-paragraph-innerHtml__Q5vwc\">Magyar, ao receber a not\u00edcia da vit\u00f3ria, disse ter ligado para Orb\u00e1n e recebido seus cumprimentos. Em discurso, o pr\u00f3ximo premi\u00ea disse que &#8220;a partir de hoje, este pa\u00eds vive de novo.&#8221;<\/p>\n<p class=\"postParagraph_post-paragraph__juWZN postParagraph_post-paragraph-innerHtml__Q5vwc\">L\u00edderes europeus celebraram o resultado deste domingo. A presidente da Comiss\u00e3o Europeia, Ursula von der Leyen, afirmou que &#8220;o cora\u00e7\u00e3o da Europa bate com mais for\u00e7a na Hungria&#8221;. O presidente franc\u00eas, Emmanuel Macron, e o chanceler alem\u00e3o, Friedrich Merz, tamb\u00e9m parabenizaram Magyar.<\/p>\n<\/div>\n<p><br \/>\n<br \/>Fonte: <a href=\"https:\/\/www.gazetadopovo.com.br\/mundo\/quem-e-e-o-que-defende-peter-magyar-politico-de-centro-direita-que-derrotou-orban-na-hungria\/\">Revista Oeste<\/a><\/p>\n","protected":false},"excerpt":{"rendered":"<p>O eleitorado h\u00fangaro decidiu neste domingo (12) encerrar os 16 anos de poder do primeiro-ministro Viktor Orb\u00e1n e entregar o comando do pa\u00eds \u00e0 oposi\u00e7\u00e3o. Com mais de 53% dos votos e 138 das 199 cadeiras do Parlamento, o Tisza, partido de centro-direita liderado por P\u00e9ter Magyar, um ex-aliado do pr\u00f3prio Orb\u00e1n, conquistou uma ampla [&hellip;]<\/p>\n","protected":false},"author":5,"featured_media":72675,"comment_status":"open","ping_status":"open","sticky":false,"template":"","format":"standard","meta":{"_seopress_robots_primary_cat":"","_seopress_titles_title":"","_seopress_titles_desc":"","_seopress_robots_index":"","footnotes":""},"categories":[1],"tags":[],"class_list":["post-72674","post","type-post","status-publish","format-standard","has-post-thumbnail","hentry","category-ultimas-noticias"],"_links":{"self":[{"href":"https:\/\/mussicom.com\/noticias\/wp-json\/wp\/v2\/posts\/72674","targetHints":{"allow":["GET"]}}],"collection":[{"href":"https:\/\/mussicom.com\/noticias\/wp-json\/wp\/v2\/posts"}],"about":[{"href":"https:\/\/mussicom.com\/noticias\/wp-json\/wp\/v2\/types\/post"}],"author":[{"embeddable":true,"href":"https:\/\/mussicom.com\/noticias\/wp-json\/wp\/v2\/users\/5"}],"replies":[{"embeddable":true,"href":"https:\/\/mussicom.com\/noticias\/wp-json\/wp\/v2\/comments?post=72674"}],"version-history":[{"count":0,"href":"https:\/\/mussicom.com\/noticias\/wp-json\/wp\/v2\/posts\/72674\/revisions"}],"wp:featuredmedia":[{"embeddable":true,"href":"https:\/\/mussicom.com\/noticias\/wp-json\/wp\/v2\/media\/72675"}],"wp:attachment":[{"href":"https:\/\/mussicom.com\/noticias\/wp-json\/wp\/v2\/media?parent=72674"}],"wp:term":[{"taxonomy":"category","embeddable":true,"href":"https:\/\/mussicom.com\/noticias\/wp-json\/wp\/v2\/categories?post=72674"},{"taxonomy":"post_tag","embeddable":true,"href":"https:\/\/mussicom.com\/noticias\/wp-json\/wp\/v2\/tags?post=72674"}],"curies":[{"name":"wp","href":"https:\/\/api.w.org\/{rel}","templated":true}]}}