{"id":72668,"date":"2026-04-12T19:18:20","date_gmt":"2026-04-12T22:18:20","guid":{"rendered":"https:\/\/mussicom.com\/tubarao-e-flagrado-na-praia-das-asturias-video\/"},"modified":"2026-04-12T19:18:20","modified_gmt":"2026-04-12T22:18:20","slug":"tubarao-e-flagrado-na-praia-das-asturias-video","status":"publish","type":"post","link":"https:\/\/mussicom.com\/noticias\/tubarao-e-flagrado-na-praia-das-asturias-video\/","title":{"rendered":"Tubar\u00e3o \u00e9 flagrado na Praia das Ast\u00farias; V\u00cdDEO"},"content":{"rendered":"<p> <br \/>\n<\/p>\n<div>\n<p>Um tubar\u00e3o com aproximadamente 1,5m de comprimento foi visto pr\u00f3ximo \u00e0 faixa de areia da Praia das Ast\u00farias, no Guaruj\u00e1, na tarde de s\u00e1bado (11). As imagens foram gravadas por um empres\u00e1rio, ao perceber o inusitado. No v\u00eddeo, ele alerta n\u00e3o tratar-se de uma produ\u00e7\u00e3o de Intelig\u00eancia Artificial (IA). O animal permaneceu por cerca de quatro minutos em uma \u00e1rea mais rasa, mas n\u00e3o ofereceu risco a banhistas e surfistas.<\/p>\n<p>O bi\u00f3logo Ronaldo Christofoletti, professor do Instituto do Mar do campus Baixada Santista da Universidade Federal de S\u00e3o Paulo (Unifesp-BS), apesar de n\u00e3o ser especialista no tema, destaca que \u201ca gente ainda tem aquele slogan do tubar\u00e3o, o bicho assassino\u201d. De acordo com ele, s\u00e3o peixes que est\u00e3o na nossa regi\u00e3o o tempo todo. \u201cAlgumas vezes, eles podem estar mais pr\u00f3ximos da praia. Eu tenho d\u00favida, olhando aquela imagem, se \u00e9 mesmo um tubar\u00e3o, mas \u00e9 normal ter tubar\u00e3o nas nossas regi\u00f5es. Ali\u00e1s, a maior parte das pessoas nunca se liga que todo mundo ama comer ca\u00e7\u00e3o. Ca\u00e7\u00e3o \u00e9 tubar\u00e3o\u201d, diz.<\/p>\n<p>Veja o momento em que o flagrante aconteceu<\/p>\n<\/div>\n<p><br \/>\n<br \/>Fonte: <a href=\"https:\/\/jornaldaorla.com.br\/noticias\/tubarao-e-flagrado-na-praia-das-asturias-video\/\">Jornal Da Orla<\/a><\/p>\n","protected":false},"excerpt":{"rendered":"<p>Um tubar\u00e3o com aproximadamente 1,5m de comprimento foi visto pr\u00f3ximo \u00e0 faixa de areia da Praia das Ast\u00farias, no Guaruj\u00e1, na tarde de s\u00e1bado (11). As imagens foram gravadas por um empres\u00e1rio, ao perceber o inusitado. No v\u00eddeo, ele alerta n\u00e3o tratar-se de uma produ\u00e7\u00e3o de Intelig\u00eancia Artificial (IA). O animal permaneceu por cerca de [&hellip;]<\/p>\n","protected":false},"author":5,"featured_media":72669,"comment_status":"open","ping_status":"open","sticky":false,"template":"","format":"standard","meta":{"_seopress_robots_primary_cat":"","_seopress_titles_title":"","_seopress_titles_desc":"","_seopress_robots_index":"","footnotes":""},"categories":[52],"tags":[],"class_list":["post-72668","post","type-post","status-publish","format-standard","has-post-thumbnail","hentry","category-santoseregiao"],"_links":{"self":[{"href":"https:\/\/mussicom.com\/noticias\/wp-json\/wp\/v2\/posts\/72668","targetHints":{"allow":["GET"]}}],"collection":[{"href":"https:\/\/mussicom.com\/noticias\/wp-json\/wp\/v2\/posts"}],"about":[{"href":"https:\/\/mussicom.com\/noticias\/wp-json\/wp\/v2\/types\/post"}],"author":[{"embeddable":true,"href":"https:\/\/mussicom.com\/noticias\/wp-json\/wp\/v2\/users\/5"}],"replies":[{"embeddable":true,"href":"https:\/\/mussicom.com\/noticias\/wp-json\/wp\/v2\/comments?post=72668"}],"version-history":[{"count":0,"href":"https:\/\/mussicom.com\/noticias\/wp-json\/wp\/v2\/posts\/72668\/revisions"}],"wp:featuredmedia":[{"embeddable":true,"href":"https:\/\/mussicom.com\/noticias\/wp-json\/wp\/v2\/media\/72669"}],"wp:attachment":[{"href":"https:\/\/mussicom.com\/noticias\/wp-json\/wp\/v2\/media?parent=72668"}],"wp:term":[{"taxonomy":"category","embeddable":true,"href":"https:\/\/mussicom.com\/noticias\/wp-json\/wp\/v2\/categories?post=72668"},{"taxonomy":"post_tag","embeddable":true,"href":"https:\/\/mussicom.com\/noticias\/wp-json\/wp\/v2\/tags?post=72668"}],"curies":[{"name":"wp","href":"https:\/\/api.w.org\/{rel}","templated":true}]}}