{"id":72639,"date":"2026-04-12T14:12:55","date_gmt":"2026-04-12T17:12:55","guid":{"rendered":"https:\/\/mussicom.com\/motociclistas-se-ferem-em-acidente-em-rodovia-da-regiao\/"},"modified":"2026-04-12T14:12:55","modified_gmt":"2026-04-12T17:12:55","slug":"motociclistas-se-ferem-em-acidente-em-rodovia-da-regiao","status":"publish","type":"post","link":"https:\/\/mussicom.com\/noticias\/motociclistas-se-ferem-em-acidente-em-rodovia-da-regiao\/","title":{"rendered":"Motociclistas se ferem em acidente em rodovia da regi\u00e3o"},"content":{"rendered":"<p> <br \/>\n<\/p>\n<div>\n<p>Dois ocupantes de uma moto ficaram feridos (um deles com gravidade) ap\u00f3s um acidente na madrugada deste domingo (12), na Rodovia Padre Manoel da N\u00f3brega, altura de S\u00e3o Vicente. O incidente envolveu tr\u00eas carros, al\u00e9m da moto.<\/p>\n<p>De acordo com informa\u00e7\u00f5es da Ag\u00eancia Reguladora de Transportes do Estado (Artesp), o condutor de um Fiat Argo trafegava pela rodovia, quando se deparou com a moto ca\u00edda na pista ap\u00f3s colis\u00e3o com um ve\u00edculo n\u00e3o identificado.<\/p>\n<p>Para n\u00e3o colidir contra a moto, efetuou uma manobra e deixou o ve\u00edculo na contram\u00e3o de dire\u00e7\u00e3o. Em seguida, o condutor de um Volkswagen Fox que vinha logo atr\u00e1s, sem tempo h\u00e1bil de desviar, colidiu frontalmente contra o Argo, que se encontrava parado.<\/p>\n<p>Um desvio foi feito para o acostamento. Os ve\u00edculos foram retirados \u00e0s 6h55.<\/p>\n<\/div>\n<p><br \/>\n<br \/>Fonte: <a href=\"https:\/\/jornaldaorla.com.br\/noticias\/motociclistas-se-ferem-em-acidente-em-rodovia-da-regiao\/\">Jornal Da Orla<\/a><\/p>\n","protected":false},"excerpt":{"rendered":"<p>Dois ocupantes de uma moto ficaram feridos (um deles com gravidade) ap\u00f3s um acidente na madrugada deste domingo (12), na Rodovia Padre Manoel da N\u00f3brega, altura de S\u00e3o Vicente. O incidente envolveu tr\u00eas carros, al\u00e9m da moto. De acordo com informa\u00e7\u00f5es da Ag\u00eancia Reguladora de Transportes do Estado (Artesp), o condutor de um Fiat Argo [&hellip;]<\/p>\n","protected":false},"author":5,"featured_media":72640,"comment_status":"open","ping_status":"open","sticky":false,"template":"","format":"standard","meta":{"_seopress_robots_primary_cat":"","_seopress_titles_title":"","_seopress_titles_desc":"","_seopress_robots_index":"","footnotes":""},"categories":[52],"tags":[],"class_list":["post-72639","post","type-post","status-publish","format-standard","has-post-thumbnail","hentry","category-santoseregiao"],"_links":{"self":[{"href":"https:\/\/mussicom.com\/noticias\/wp-json\/wp\/v2\/posts\/72639","targetHints":{"allow":["GET"]}}],"collection":[{"href":"https:\/\/mussicom.com\/noticias\/wp-json\/wp\/v2\/posts"}],"about":[{"href":"https:\/\/mussicom.com\/noticias\/wp-json\/wp\/v2\/types\/post"}],"author":[{"embeddable":true,"href":"https:\/\/mussicom.com\/noticias\/wp-json\/wp\/v2\/users\/5"}],"replies":[{"embeddable":true,"href":"https:\/\/mussicom.com\/noticias\/wp-json\/wp\/v2\/comments?post=72639"}],"version-history":[{"count":0,"href":"https:\/\/mussicom.com\/noticias\/wp-json\/wp\/v2\/posts\/72639\/revisions"}],"wp:featuredmedia":[{"embeddable":true,"href":"https:\/\/mussicom.com\/noticias\/wp-json\/wp\/v2\/media\/72640"}],"wp:attachment":[{"href":"https:\/\/mussicom.com\/noticias\/wp-json\/wp\/v2\/media?parent=72639"}],"wp:term":[{"taxonomy":"category","embeddable":true,"href":"https:\/\/mussicom.com\/noticias\/wp-json\/wp\/v2\/categories?post=72639"},{"taxonomy":"post_tag","embeddable":true,"href":"https:\/\/mussicom.com\/noticias\/wp-json\/wp\/v2\/tags?post=72639"}],"curies":[{"name":"wp","href":"https:\/\/api.w.org\/{rel}","templated":true}]}}