{"id":72629,"date":"2026-04-12T12:14:30","date_gmt":"2026-04-12T15:14:30","guid":{"rendered":"https:\/\/mussicom.com\/cbf-divulga-audio-do-var-no-gol-anulado-de-gabigol-contra-o-atletico-mg\/"},"modified":"2026-04-12T12:14:30","modified_gmt":"2026-04-12T15:14:30","slug":"cbf-divulga-audio-do-var-no-gol-anulado-de-gabigol-contra-o-atletico-mg","status":"publish","type":"post","link":"https:\/\/mussicom.com\/noticias\/cbf-divulga-audio-do-var-no-gol-anulado-de-gabigol-contra-o-atletico-mg\/","title":{"rendered":"CBF divulga \u00e1udio do VAR no gol anulado de Gabigol contra o Atl\u00e9tico-MG"},"content":{"rendered":"<p> <br \/>\n<\/p>\n<div id=\"post-182274\">\n<div class=\"post-content\">\n<div id=\"attachment_182221\" style=\"width: 1035px\" class=\"wp-caption aligncenter\"><img alt=\"\" fetchpriority=\"high\" fetchpriority=\"high\" decoding=\"async\" aria-describedby=\"caption-attachment-182221\" class=\" wp-image-182221\" src=\"https:\/\/www.diariodopeixe.com.br\/wp-content\/uploads\/2026\/04\/55202050389_69a562687b_o-240x300.jpg\" alt=\"\" width=\"1025\" height=\"1281\" srcset=\"https:\/\/www.diariodopeixe.com.br\/wp-content\/uploads\/2026\/04\/55202050389_69a562687b_o-200x250.jpg 200w, https:\/\/www.diariodopeixe.com.br\/wp-content\/uploads\/2026\/04\/55202050389_69a562687b_o-240x300.jpg 240w, https:\/\/www.diariodopeixe.com.br\/wp-content\/uploads\/2026\/04\/55202050389_69a562687b_o-400x500.jpg 400w, https:\/\/www.diariodopeixe.com.br\/wp-content\/uploads\/2026\/04\/55202050389_69a562687b_o-600x750.jpg 600w, https:\/\/www.diariodopeixe.com.br\/wp-content\/uploads\/2026\/04\/55202050389_69a562687b_o-768x960.jpg 768w, https:\/\/www.diariodopeixe.com.br\/wp-content\/uploads\/2026\/04\/55202050389_69a562687b_o-800x1000.jpg 800w, https:\/\/www.diariodopeixe.com.br\/wp-content\/uploads\/2026\/04\/55202050389_69a562687b_o-819x1024.jpg 819w, https:\/\/www.diariodopeixe.com.br\/wp-content\/uploads\/2026\/04\/55202050389_69a562687b_o-1200x1500.jpg 1200w, https:\/\/www.diariodopeixe.com.br\/wp-content\/uploads\/2026\/04\/55202050389_69a562687b_o-1229x1536.jpg 1229w, https:\/\/www.diariodopeixe.com.br\/wp-content\/uploads\/2026\/04\/55202050389_69a562687b_o-1638x2048.jpg 1638w\" sizes=\"(max-width: 1025px) 100vw, 1025px\"\/><\/p>\n<p id=\"caption-attachment-182221\" class=\"wp-caption-text\">Gabigol teve gol anulado contra o Atl\u00e9tico-MG (Cr\u00e9dito: Raul Baretta\/Santos FC)<\/p>\n<\/div>\n<p>A CBF (Confedera\u00e7\u00e3o Brasileira de Futebol) divulgou neste domingo (12) o \u00e1udio do VAR no gol anulado do atacante Gabriel Barbosa na vit\u00f3ria do Santos sobre o Atl\u00e9tico-MG por 1 a 0, na Vila Belmiro, pela 11\u00aa rodada do Brasileir\u00e3o. O lateral-direito Igor Vinicius finalizou, mas a bola desviou no bra\u00e7o do centroavante e foi para o gol. Por regra, quando bate no bra\u00e7o, o gol precisa ser anulado.<\/p>\n<p>O lance aconteceu ainda aos 18 minutos do primeiro tempo e ap\u00f3s a anula\u00e7\u00e3o, Gabigol levou amarelo e o t\u00e9cnico Cuca foi expulso por reclama\u00e7\u00f5es. Seria o Peixe abrindo o placar no jogo, mas isso aconteceu posteriormente com Mois\u00e9s no segundo tempo, que anotou o \u00fanico gol da partida. Veja o v\u00eddeo completo e a explica\u00e7\u00e3o da CBF ao <em>CLICAR AQUI.<\/em><\/p>\n<p><strong>Veja a conversa do VAR:<\/strong><\/p>\n<ul>\n<li>VAR: Decis\u00e3o do campo \u00e9 gol<\/li>\n<li>AVAR: Vamos ver desde o in\u00edcio do APP?<\/li>\n<li>AVAR 2: Na batida j\u00e1 primeiro, ele falou que tocou no corpo<\/li>\n<li>\u00c1rbitro: Pegou no bra\u00e7o ou n\u00e3o?<\/li>\n<li>VAR: Qual a tua decis\u00e3o?<\/li>\n<li>AVAR: Bate no bra\u00e7o t\u00e1<\/li>\n<li>\u00c1rbitro: V\u00e3o verificar<\/li>\n<li>VAR: Qual tua decis\u00e3o Rafa?<\/li>\n<li>\u00c1rbitro: Gol, mas checa uma poss\u00edvel m\u00e3o no aremate<\/li>\n<li>VAR: Rafa, decis\u00e3o factual, bola bate no bra\u00e7o de Gabigol. Gol de imediatez<\/li>\n<li>\u00c1rbitro: Ok<\/li>\n<\/ul>\n<div class=\"post-content\">\n<p><strong>Veja a arbitragem de Santos e Atl\u00e9tico-MG:<\/strong><\/p>\n<\/div>\n<div class=\"post-content\">\n<ul>\n<li>Arbitro: Rafael Rodrigo Klein \u2013 RS<\/li>\n<li>Arbitro Assistente 1: Victor Hugo Imazu dos Santos \u2013 PR<\/li>\n<li>Arbitro Assistente 2: Tiago Augusto Kappes Diel \u2013 RS<\/li>\n<li>Quarto Arbitro: Arthur Gomes Rabelo \u2013 ES<\/li>\n<li>Inspetor: Jose Mocellin \u2013 RS<\/li>\n<li>Assessor: Jose Alexandre Barbosa Lima \u2013 RJ<\/li>\n<li>VAR: Rafael Traci \u2013 SC<\/li>\n<li>AVAR: Luciano Roggenbaum \u2013 PR<\/li>\n<li>AVAR2: Philip Georg Bennett \u2013 RJ<\/li>\n<li>Observador de VAR: Pericles Bassols Pegado Cortez \u2013 BR<\/li>\n<li>Quality manager: Paulo Roberto da Rocha Camello \u2013 RJ<\/li>\n<\/ul>\n<\/div><\/div>\n<div class=\"fusion-sharing-box fusion-theme-sharing-box fusion-single-sharing-box\">\n<h4>Compartilhe essa not\u00edcia, escolha a sua rede!<\/h4>\n<\/p><\/div>\n<p>\t\t<!-- #respond -->\n\t\t\t\t\t\t\t\t\t\t\t\t\t\t<\/div>\n<p><br \/>\n<br \/>Fonte: <a href=\"https:\/\/www.diariodopeixe.com.br\/noticias\/cbf-divulga-audio-do-var-no-gol-anulado-de-gabigol-contra-o-atletico-mg\/\">Di\u00e1rio do Peixe<\/a><\/p>\n","protected":false},"excerpt":{"rendered":"<p>Gabigol teve gol anulado contra o Atl\u00e9tico-MG (Cr\u00e9dito: Raul Baretta\/Santos FC) A CBF (Confedera\u00e7\u00e3o Brasileira de Futebol) divulgou neste domingo (12) o \u00e1udio do VAR no gol anulado do atacante Gabriel Barbosa na vit\u00f3ria do Santos sobre o Atl\u00e9tico-MG por 1 a 0, na Vila Belmiro, pela 11\u00aa rodada do Brasileir\u00e3o. O lateral-direito Igor Vinicius [&hellip;]<\/p>\n","protected":false},"author":5,"featured_media":72630,"comment_status":"open","ping_status":"open","sticky":false,"template":"","format":"standard","meta":{"_seopress_robots_primary_cat":"","_seopress_titles_title":"","_seopress_titles_desc":"","_seopress_robots_index":"","footnotes":""},"categories":[55],"tags":[],"class_list":["post-72629","post","type-post","status-publish","format-standard","has-post-thumbnail","hentry","category-santos-fc"],"_links":{"self":[{"href":"https:\/\/mussicom.com\/noticias\/wp-json\/wp\/v2\/posts\/72629","targetHints":{"allow":["GET"]}}],"collection":[{"href":"https:\/\/mussicom.com\/noticias\/wp-json\/wp\/v2\/posts"}],"about":[{"href":"https:\/\/mussicom.com\/noticias\/wp-json\/wp\/v2\/types\/post"}],"author":[{"embeddable":true,"href":"https:\/\/mussicom.com\/noticias\/wp-json\/wp\/v2\/users\/5"}],"replies":[{"embeddable":true,"href":"https:\/\/mussicom.com\/noticias\/wp-json\/wp\/v2\/comments?post=72629"}],"version-history":[{"count":0,"href":"https:\/\/mussicom.com\/noticias\/wp-json\/wp\/v2\/posts\/72629\/revisions"}],"wp:featuredmedia":[{"embeddable":true,"href":"https:\/\/mussicom.com\/noticias\/wp-json\/wp\/v2\/media\/72630"}],"wp:attachment":[{"href":"https:\/\/mussicom.com\/noticias\/wp-json\/wp\/v2\/media?parent=72629"}],"wp:term":[{"taxonomy":"category","embeddable":true,"href":"https:\/\/mussicom.com\/noticias\/wp-json\/wp\/v2\/categories?post=72629"},{"taxonomy":"post_tag","embeddable":true,"href":"https:\/\/mussicom.com\/noticias\/wp-json\/wp\/v2\/tags?post=72629"}],"curies":[{"name":"wp","href":"https:\/\/api.w.org\/{rel}","templated":true}]}}