{"id":7257,"date":"2025-03-22T13:32:53","date_gmt":"2025-03-22T16:32:53","guid":{"rendered":"https:\/\/mussicom.com\/confederacao-critica-ampliacao-da-isencao-do-imposto-de-renda\/"},"modified":"2025-03-22T13:32:53","modified_gmt":"2025-03-22T16:32:53","slug":"confederacao-critica-ampliacao-da-isencao-do-imposto-de-renda","status":"publish","type":"post","link":"https:\/\/mussicom.com\/noticias\/confederacao-critica-ampliacao-da-isencao-do-imposto-de-renda\/","title":{"rendered":"Confedera\u00e7\u00e3o critica amplia\u00e7\u00e3o da isen\u00e7\u00e3o do Imposto de Renda"},"content":{"rendered":"<p> <br \/>\n<\/p>\n<div id=\"hd80s9wa1h892edh8192\">\n<p>A <strong>Confedera\u00e7\u00e3o Nacional de Munic\u00edpios (CNM)<\/strong> manifesta preocupa\u00e7\u00e3o com os impactos da amplia\u00e7\u00e3o da isen\u00e7\u00e3o do Imposto de Renda (IR). A entidade afirma que o cen\u00e1rio atual \u00e9 incerto e apresenta distor\u00e7\u00f5es significativas que prejudicam o pacto federativo.<\/p>\n<p>Embora a confedera\u00e7\u00e3o n\u00e3o questione o m\u00e9rito da medida, ela critica a forma como a Uni\u00e3o est\u00e1 conduzindo sua execu\u00e7\u00e3o. A CNM destaca que as estimativas sobre os benef\u00edcios indiretos para os munic\u00edpios, como o aumento do consumo e da massa salarial, s\u00e3o prematuras.<\/p>\n<p><strong>+ Leia mais not\u00edcias de Economia em Oeste <\/strong><\/p>\n<p>A entidade tamb\u00e9m levanta a quest\u00e3o da compensa\u00e7\u00e3o, lembrando que o governo federal pode ter um ganho significativo de arrecada\u00e7\u00e3o, mesmo sem esses efeitos indiretos. Assim, ela defende que uma parte desse valor seja revertida para compensar Estados e munic\u00edpios.<\/p>\n<p>O texto destaca que, apesar de o IR ser de compet\u00eancia federal, 48% de sua arrecada\u00e7\u00e3o pertencem constitucionalmente aos governos estaduais e municipais.<\/p>\n<figure class=\"wp-block-embed aligncenter is-type-video is-provider-youtube wp-block-embed-youtube wp-embed-aspect-16-9 wp-has-aspect-ratio\">\n<div class=\"wp-block-embed__wrapper\">\n<div class=\"perfmatters-lazy-youtube\" data-src=\"https:\/\/www.youtube.com\/embed\/sWtSZhNLStw\" data-id=\"sWtSZhNLStw\" data-query=\"feature=oembed\" onclick=\"perfmattersLazyLoadYouTube(this);\">\n<div><img fetchpriority=\"high\" decoding=\"async\" src=\"https:\/\/i.ytimg.com\/vi\/sWtSZhNLStw\/hqdefault.jpg\" alt=\"YouTube video\" width=\"480\" height=\"360\" data-pin-nopin=\"true\" nopin=\"nopin\"\/><\/div>\n<\/div>\n<p><noscript><iframe title=\"Depois de fracassar na picanha, Haddad promete fil\u00e9 mignon\" width=\"800\" height=\"450\" src=\"https:\/\/www.youtube.com\/embed\/sWtSZhNLStw?feature=oembed\" frameborder=\"0\" allow=\"accelerometer; autoplay; clipboard-write; encrypted-media; gyroscope; picture-in-picture; web-share\" referrerpolicy=\"strict-origin-when-cross-origin\" allowfullscreen><\/iframe><\/noscript>\n<\/div>\n<\/figure>\n<p>A medida, segundo a CNM, pode resultar em uma perda de quase R$ 5 bilh\u00f5es em arrecada\u00e7\u00e3o para os munic\u00edpios em 2026. A confedera\u00e7\u00e3o estima que a perda total, entre receita pr\u00f3pria e Fundo de Participa\u00e7\u00e3o dos Munic\u00edpios, pode alcan\u00e7ar R$ 11,8 bilh\u00f5es.<\/p>\n<p>Em face dessa situa\u00e7\u00e3o, a entidade refor\u00e7a que as cidades j\u00e1 enfrentam um quadro fiscal desafiador, com o maior d\u00e9ficit prim\u00e1rio de sua hist\u00f3ria registrado em 2024.<\/p>\n<p>Para mitigar essas perdas, a CNM promete atuar junto ao Congresso Nacional para garantir que o texto da lei antecipe uma compensa\u00e7\u00e3o justa para os entes subnacionais.<\/p>\n<h2 class=\"wp-block-heading\"><strong>Amplia\u00e7\u00e3o do Imposto de Renda deve causar perda de R$ 27 bilh\u00f5es na arrecada\u00e7\u00e3o anual<\/strong><\/h2>\n<p><strong>Al\u00e9m disso, o governo federal anunciou nesta segunda-feira, 17, que a amplia\u00e7\u00e3o da isen\u00e7\u00e3o do IR para trabalhadores com rendimento de at\u00e9 R$ 5 mil deve causar uma perda de R$ 27 bilh\u00f5es na arrecada\u00e7\u00e3o anual.<\/strong><\/p>\n<p>A medida, parte das promessas de campanha do presidente Luiz In\u00e1cio Lula da Silva, exige compensa\u00e7\u00f5es financeiras para equilibrar as contas p\u00fablicas.<\/p>\n<p>A equipe econ\u00f4mica inicialmente estimou um impacto de R$ 32 bilh\u00f5es para 2025, mas revisou esse valor para R$ 27 bilh\u00f5es.<\/p>\n<p><strong>+ Leia tamb\u00e9m: \u201cImposto de Renda: projeto prev\u00ea isen\u00e7\u00e3o at\u00e9 R$ 5 mil e desconto para quem ganha at\u00e9 R$ 7 mil\u201d<\/strong><\/p>\n<\/p><\/div>\n<p><br \/>\n<br \/>Fonte: <a href=\"https:\/\/revistaoeste.com\/economia\/confederacao-critica-ampliacao-da-isencao-do-imposto-de-renda\/\">Revista oeste<\/a><\/p>\n","protected":false},"excerpt":{"rendered":"<p>A Confedera\u00e7\u00e3o Nacional de Munic\u00edpios (CNM) manifesta preocupa\u00e7\u00e3o com os impactos da amplia\u00e7\u00e3o da isen\u00e7\u00e3o do Imposto de Renda (IR). A entidade afirma que o cen\u00e1rio atual \u00e9 incerto e apresenta distor\u00e7\u00f5es significativas que prejudicam o pacto federativo. Embora a confedera\u00e7\u00e3o n\u00e3o questione o m\u00e9rito da medida, ela critica a forma como a Uni\u00e3o est\u00e1 [&hellip;]<\/p>\n","protected":false},"author":5,"featured_media":7258,"comment_status":"open","ping_status":"open","sticky":false,"template":"","format":"standard","meta":{"_seopress_robots_primary_cat":"","_seopress_titles_title":"","_seopress_titles_desc":"","_seopress_robots_index":"","footnotes":""},"categories":[45],"tags":[],"class_list":["post-7257","post","type-post","status-publish","format-standard","has-post-thumbnail","hentry","category-economia"],"_links":{"self":[{"href":"https:\/\/mussicom.com\/noticias\/wp-json\/wp\/v2\/posts\/7257","targetHints":{"allow":["GET"]}}],"collection":[{"href":"https:\/\/mussicom.com\/noticias\/wp-json\/wp\/v2\/posts"}],"about":[{"href":"https:\/\/mussicom.com\/noticias\/wp-json\/wp\/v2\/types\/post"}],"author":[{"embeddable":true,"href":"https:\/\/mussicom.com\/noticias\/wp-json\/wp\/v2\/users\/5"}],"replies":[{"embeddable":true,"href":"https:\/\/mussicom.com\/noticias\/wp-json\/wp\/v2\/comments?post=7257"}],"version-history":[{"count":0,"href":"https:\/\/mussicom.com\/noticias\/wp-json\/wp\/v2\/posts\/7257\/revisions"}],"wp:featuredmedia":[{"embeddable":true,"href":"https:\/\/mussicom.com\/noticias\/wp-json\/wp\/v2\/media\/7258"}],"wp:attachment":[{"href":"https:\/\/mussicom.com\/noticias\/wp-json\/wp\/v2\/media?parent=7257"}],"wp:term":[{"taxonomy":"category","embeddable":true,"href":"https:\/\/mussicom.com\/noticias\/wp-json\/wp\/v2\/categories?post=7257"},{"taxonomy":"post_tag","embeddable":true,"href":"https:\/\/mussicom.com\/noticias\/wp-json\/wp\/v2\/tags?post=7257"}],"curies":[{"name":"wp","href":"https:\/\/api.w.org\/{rel}","templated":true}]}}