{"id":72568,"date":"2026-04-11T21:01:48","date_gmt":"2026-04-12T00:01:48","guid":{"rendered":"https:\/\/mussicom.com\/eduardo-bolsonaro-planeja-retorno-ao-brasil-em-2027\/"},"modified":"2026-04-11T21:01:48","modified_gmt":"2026-04-12T00:01:48","slug":"eduardo-bolsonaro-planeja-retorno-ao-brasil-em-2027","status":"publish","type":"post","link":"https:\/\/mussicom.com\/noticias\/eduardo-bolsonaro-planeja-retorno-ao-brasil-em-2027\/","title":{"rendered":"Eduardo Bolsonaro planeja retorno ao Brasil em 2027"},"content":{"rendered":"<p> <br \/>\n<\/p>\n<div id=\"tp-post-content\">\n<p class=\"postParagraph_post-paragraph__juWZN postParagraph_post-paragraph-innerHtml__Q5vwc\">Morando nos Estados Unidos desde o ano passado, o ex-deputado federal Eduardo Bolsonaro afirmou neste s\u00e1bado (11) que pretende voltar ao Brasil em 2027, caso seu irm\u00e3o, o senador Fl\u00e1vio Bolsonaro (PL-RJ), seja eleito presidente da Rep\u00fablica em outubro.<\/p>\n<p class=\"postParagraph_post-paragraph__juWZN postParagraph_post-paragraph-innerHtml__Q5vwc\">Segundo o portal UOL, a declara\u00e7\u00e3o foi feita em um v\u00eddeo exibido durante agenda de pr\u00e9-campanha de Fl\u00e1vio em Porto Alegre. A fala n\u00e3o era direcionada ao irm\u00e3o, mas em apoio \u00e0 candidatura do deputado Zucco (PL-RS) ao governo do Rio Grande do Sul.<\/p>\n<p class=\"postParagraph_post-paragraph__juWZN postParagraph_post-paragraph-innerHtml__Q5vwc\">&#8220;S\u00e3o nove meses, tempo de uma gesta\u00e7\u00e3o, para retornar ao Brasil em seguran\u00e7a&#8221;, disse Eduardo, em alus\u00e3o ao per\u00edodo que separa 1\u00ba de janeiro de 2027, quando toma posse o pr\u00f3ximo presidente do Brasil.<\/p>\n<h2 class=\"postParagraph_post-paragraph__juWZN postParagraph_post-paragraph-innerHtml__Q5vwc postParagraph_type-tag-h2__TtFkT\">Ex-deputado \u00e9 r\u00e9u no STF<\/h2>\n<p class=\"postParagraph_post-paragraph__juWZN postParagraph_post-paragraph-innerHtml__Q5vwc\">Eduardo Bolsonaro est\u00e1 nos Estados Unidos desde mar\u00e7o do ano passado, quando se licenciou do mandato de deputado federal. Alegando persegui\u00e7\u00e3o pol\u00edtica ao pai, o ex-presidente Jair Bolsonaro (PL) e outras figuras da direita, ele disse que buscaria em solo norte-americano &#8220;buscar as devidas san\u00e7\u00f5es aos violadores de direitos humanos&#8221;.<\/p>\n<p class=\"postParagraph_post-paragraph__juWZN postParagraph_post-paragraph-innerHtml__Q5vwc\">Em dezembro, a C\u00e2mara dos Deputados decretou a perda do mandato de Eduardo em raz\u00e3o do excesso de aus\u00eancias em plen\u00e1rio n\u00e3o justificadas. Antes disso, em novembro, a Primeira Turma do Supremo Tribunal Federal (STF) tornou-o r\u00e9u por crime de coa\u00e7\u00e3o no curso do processo, devido \u00e0 sua atua\u00e7\u00e3o nos Estados Unidos.<\/p>\n<\/div>\n<p><br \/>\n<br \/>Fonte: <a href=\"https:\/\/www.gazetadopovo.com.br\/republica\/eduardo-bolsonaro-planeja-retorno-brasil\/\">Revista Oeste<\/a><\/p>\n","protected":false},"excerpt":{"rendered":"<p>Morando nos Estados Unidos desde o ano passado, o ex-deputado federal Eduardo Bolsonaro afirmou neste s\u00e1bado (11) que pretende voltar ao Brasil em 2027, caso seu irm\u00e3o, o senador Fl\u00e1vio Bolsonaro (PL-RJ), seja eleito presidente da Rep\u00fablica em outubro. Segundo o portal UOL, a declara\u00e7\u00e3o foi feita em um v\u00eddeo exibido durante agenda de pr\u00e9-campanha [&hellip;]<\/p>\n","protected":false},"author":5,"featured_media":71433,"comment_status":"open","ping_status":"open","sticky":false,"template":"","format":"standard","meta":{"_seopress_robots_primary_cat":"","_seopress_titles_title":"","_seopress_titles_desc":"","_seopress_robots_index":"","footnotes":""},"categories":[1],"tags":[],"class_list":["post-72568","post","type-post","status-publish","format-standard","has-post-thumbnail","hentry","category-ultimas-noticias"],"_links":{"self":[{"href":"https:\/\/mussicom.com\/noticias\/wp-json\/wp\/v2\/posts\/72568","targetHints":{"allow":["GET"]}}],"collection":[{"href":"https:\/\/mussicom.com\/noticias\/wp-json\/wp\/v2\/posts"}],"about":[{"href":"https:\/\/mussicom.com\/noticias\/wp-json\/wp\/v2\/types\/post"}],"author":[{"embeddable":true,"href":"https:\/\/mussicom.com\/noticias\/wp-json\/wp\/v2\/users\/5"}],"replies":[{"embeddable":true,"href":"https:\/\/mussicom.com\/noticias\/wp-json\/wp\/v2\/comments?post=72568"}],"version-history":[{"count":0,"href":"https:\/\/mussicom.com\/noticias\/wp-json\/wp\/v2\/posts\/72568\/revisions"}],"wp:featuredmedia":[{"embeddable":true,"href":"https:\/\/mussicom.com\/noticias\/wp-json\/wp\/v2\/media\/71433"}],"wp:attachment":[{"href":"https:\/\/mussicom.com\/noticias\/wp-json\/wp\/v2\/media?parent=72568"}],"wp:term":[{"taxonomy":"category","embeddable":true,"href":"https:\/\/mussicom.com\/noticias\/wp-json\/wp\/v2\/categories?post=72568"},{"taxonomy":"post_tag","embeddable":true,"href":"https:\/\/mussicom.com\/noticias\/wp-json\/wp\/v2\/tags?post=72568"}],"curies":[{"name":"wp","href":"https:\/\/api.w.org\/{rel}","templated":true}]}}