{"id":72566,"date":"2026-04-11T20:57:20","date_gmt":"2026-04-11T23:57:20","guid":{"rendered":"https:\/\/mussicom.com\/conab-inicia-pesquisa-de-campo-para-elaboracao-do-segundo-levantamento-da-safra-de-cafe\/"},"modified":"2026-04-11T20:57:20","modified_gmt":"2026-04-11T23:57:20","slug":"conab-inicia-pesquisa-de-campo-para-elaboracao-do-segundo-levantamento-da-safra-de-cafe","status":"publish","type":"post","link":"https:\/\/mussicom.com\/noticias\/conab-inicia-pesquisa-de-campo-para-elaboracao-do-segundo-levantamento-da-safra-de-cafe\/","title":{"rendered":"Conab inicia pesquisa de campo para elabora\u00e7\u00e3o do segundo levantamento da safra de caf\u00e9"},"content":{"rendered":"<p> <br \/>\n<\/p>\n<div>\n<p style=\"text-align:justify\">Os trabalhos para elabora\u00e7\u00e3o do 2\u00ba Levantamento de Caf\u00e9 \u2013 Safra 2026 j\u00e1 iniciaram. A partir desta semana, t\u00e9cnicos da Companhia Nacional de Abastecimento (Conab) realizam a pesquisa de campo para apurar as informa\u00e7\u00f5es em dez estados brasileiros. Os dados levantados neste trabalho, que segue at\u00e9 o pr\u00f3ximo dia 17, servir\u00e3o de base para compor as an\u00e1lises com as estimativas de produ\u00e7\u00e3o e de produtividade para \u00e1reas plantadas de caf\u00e9 ar\u00e1bica e conilon.&#13;\n<\/p>\n<p style=\"text-align:justify\">Durante as pesquisas, s\u00e3o aplicados question\u00e1rios que incluem vari\u00e1veis acerca das caracter\u00edsticas das lavouras, n\u00edvel tecnol\u00f3gico e de manejo e ocorr\u00eancia de fatores clim\u00e1ticos e fitossanit\u00e1rios. A partir de an\u00e1lises estat\u00edsticas e do mapeamento por sensoriamento remoto, do monitoramento agrometeorol\u00f3gico e da s\u00e9rie hist\u00f3rica de dados, a Conab divulga a previs\u00e3o para a safra em curso.<\/p>\n<p style=\"text-align:justify\">Participam do levantamento produtores, cooperativas, associa\u00e7\u00f5es, institui\u00e7\u00f5es p\u00fablicas de agricultura, \u00f3rg\u00e3os de assist\u00eancia t\u00e9cnica e extens\u00e3o rural e demais agentes envolvidos na cadeia produtiva do caf\u00e9 nos estados de Minas Gerais, Esp\u00edrito Santo, S\u00e3o Paulo, Bahia, Rond\u00f4nia, Paran\u00e1, Rio de Janeiro, Goi\u00e1s, Mato Grosso e Amazonas. Com o in\u00edcio da colheita pelos estados produtores, o segundo levantamento do ano permite melhor defini\u00e7\u00e3o das expectativas de produtividade.\u00a0&#13;\n<\/p>\n<p style=\"text-align:justify\">A primeira pesquisa de 2026, publicada em fevereiro, apontou o crescimento de pouco mais de 17% em rela\u00e7\u00e3o \u00e0 safra colhida no ciclo anterior. \u201cA entrada de novas \u00e1reas em produ\u00e7\u00e3o, o crescente uso de tecnologias e insumos e a combina\u00e7\u00e3o das condi\u00e7\u00f5es clim\u00e1ticas favoreceram o crescimento\u201d, avalia o gerente de acompanhamento de safras da Conab, Fabiano Vasconcellos. De acordo com o boletim t\u00e9cnico, o n\u00famero de sacas beneficiadas deve ultrapassar 66 milh\u00f5es.\u00a0<\/p>\n<p style=\"text-align:justify\">S\u00e9rie hist\u00f3rica \u2013 A Conab acompanha a safra brasileira de caf\u00e9 desde 2001, divulgando boletins t\u00e9cnicos trimestrais sobre a cultura e as estimativas para o ciclo avaliado. No 1\u00ba Levantamento de Caf\u00e9 \u2013 Safra 2026, a \u00e1rea total plantada das variedades ar\u00e1bica e conilon cresceu 3,4% em compara\u00e7\u00e3o \u00e0 safra anterior, alcan\u00e7ando 2,3 milh\u00f5es de hectares. Maior produtor nacional do gr\u00e3o, Minas Gerais se destacou com uma produ\u00e7\u00e3o estimada em 32,4 milh\u00f5es de sacas, aproximadamente 26% superior em rela\u00e7\u00e3o ao \u00faltimo ciclo.&#13;\n<\/p>\n<p style=\"text-align:justify\">Mais informa\u00e7\u00f5es para a imprensa:Ger\u00eancia de Imprensa(61) 3312-6338\/ 6344\/ 6393\/ [email\u00a0protected]<\/p>\n<\/p><\/div>\n<p><script data-cfasync=\"false\">\n    !function (f, b, e, v, n, t, s) {\n        if (f.fbq) return; n = f.fbq = function () {\n            n.callMethod ?\n                n.callMethod.apply(n, arguments) : n.queue.push(arguments)\n        };\n        if (!f._fbq) f._fbq = n; n.push = n; n.loaded = !0; n.version = '2.0';\n        n.queue = []; t = b.createElement(e); t.async = !0;\n        t.src = v; s = b.getElementsByTagName(e)[0];\n        s.parentNode.insertBefore(t, s)\n    }(window, document, 'script',\n        'https:\/\/connect.facebook.net\/en_US\/fbevents.js');\n    fbq('init', '522546078623747');\n    fbq('track', 'PageView');\n<\/script><br \/>\n<br \/><br \/>\n<br \/>Fonte: <a href=\"https:\/\/www.agrolink.com.br\/noticias\/conab-inicia-pesquisa-de-campo-para-elaboracao-do-segundo-levantamento-da-safra-de-cafe_512946.html\">AGROLINK<\/a><\/p>\n","protected":false},"excerpt":{"rendered":"<p>Os trabalhos para elabora\u00e7\u00e3o do 2\u00ba Levantamento de Caf\u00e9 \u2013 Safra 2026 j\u00e1 iniciaram. A partir desta semana, t\u00e9cnicos da Companhia Nacional de Abastecimento (Conab) realizam a pesquisa de campo para apurar as informa\u00e7\u00f5es em dez estados brasileiros. Os dados levantados neste trabalho, que segue at\u00e9 o pr\u00f3ximo dia 17, servir\u00e3o de base para compor [&hellip;]<\/p>\n","protected":false},"author":5,"featured_media":72567,"comment_status":"open","ping_status":"open","sticky":false,"template":"","format":"standard","meta":{"_seopress_robots_primary_cat":"","_seopress_titles_title":"","_seopress_titles_desc":"","_seopress_robots_index":"","footnotes":""},"categories":[53],"tags":[],"class_list":["post-72566","post","type-post","status-publish","format-standard","has-post-thumbnail","hentry","category-agronegocio"],"_links":{"self":[{"href":"https:\/\/mussicom.com\/noticias\/wp-json\/wp\/v2\/posts\/72566","targetHints":{"allow":["GET"]}}],"collection":[{"href":"https:\/\/mussicom.com\/noticias\/wp-json\/wp\/v2\/posts"}],"about":[{"href":"https:\/\/mussicom.com\/noticias\/wp-json\/wp\/v2\/types\/post"}],"author":[{"embeddable":true,"href":"https:\/\/mussicom.com\/noticias\/wp-json\/wp\/v2\/users\/5"}],"replies":[{"embeddable":true,"href":"https:\/\/mussicom.com\/noticias\/wp-json\/wp\/v2\/comments?post=72566"}],"version-history":[{"count":0,"href":"https:\/\/mussicom.com\/noticias\/wp-json\/wp\/v2\/posts\/72566\/revisions"}],"wp:featuredmedia":[{"embeddable":true,"href":"https:\/\/mussicom.com\/noticias\/wp-json\/wp\/v2\/media\/72567"}],"wp:attachment":[{"href":"https:\/\/mussicom.com\/noticias\/wp-json\/wp\/v2\/media?parent=72566"}],"wp:term":[{"taxonomy":"category","embeddable":true,"href":"https:\/\/mussicom.com\/noticias\/wp-json\/wp\/v2\/categories?post=72566"},{"taxonomy":"post_tag","embeddable":true,"href":"https:\/\/mussicom.com\/noticias\/wp-json\/wp\/v2\/tags?post=72566"}],"curies":[{"name":"wp","href":"https:\/\/api.w.org\/{rel}","templated":true}]}}