{"id":7254,"date":"2025-03-22T12:33:37","date_gmt":"2025-03-22T15:33:37","guid":{"rendered":"https:\/\/www.mussicom.com\/lula-deve-usar-dois-avioes-para-chegar-ao-japao\/"},"modified":"2025-03-22T12:33:37","modified_gmt":"2025-03-22T15:33:37","slug":"lula-deve-usar-dois-avioes-para-chegar-ao-japao","status":"publish","type":"post","link":"https:\/\/mussicom.com\/noticias\/lula-deve-usar-dois-avioes-para-chegar-ao-japao\/","title":{"rendered":"Lula deve usar dois avi\u00f5es para chegar ao Jap\u00e3o"},"content":{"rendered":"<p> <br \/>\n<\/p>\n<div id=\"hd80s9wa1h892edh8192\">\n<p>O presidente Lula precisar\u00e1 usar mais de um avi\u00e3o para chegar ao Jap\u00e3o. Ele embarca neste s\u00e1bado, 24, para o pa\u00eds asi\u00e1tico. O trajeto, por\u00e9m, \u00e9 t\u00e3o extenso que n\u00e3o existem voos diretos entre os dois pa\u00edses.<\/p>\n<p><strong>+ Leia mais not\u00edcias de Pol\u00edtica em Oeste<\/strong><\/p>\n<p>A programa\u00e7\u00e3o de voo conta com a troca de aeronaves no meio do caminho por quest\u00f5es de autonomia. A escala est\u00e1 programada para acontecer em Houston, no Texas, e envolve uma aeronave comprada durante o governo de Jair Bolsonaro.<\/p>\n<p>O primeiro avi\u00e3o deve decolar com Lula por volta das 21h, em Bras\u00edlia. Trata-se do modelo VC-1, conhecido como Aerolula. Sua capacidade \u00e9 para o transporte de 100 a 156 passageiros em voos comerciais.<\/p>\n<p>Depois de 10 horas de voo, o Aerolula deve pousar no Texas. Nos Estados Unidos, o petista far\u00e1 um transbordo junto com sua comitiva para um KC-30 da For\u00e7a A\u00e9rea Brasileira. Com mais autonomia, aeronave foi comprada durante o governo de Jair Bolsonaro.<\/p>\n<h2 class=\"wp-block-heading\">O avi\u00e3o que levar\u00e1 Lula ao Jap\u00e3o<\/h2>\n<p>De acordo com o Poder360, o KC-30 que levar\u00e1 Lula de Houston para o Jap\u00e3o pertencia \u00e0 companhia a\u00e9rea Azul at\u00e9 2022, quando governo federal o comprou. A aeronave tem capacidade para 230 passageiros, mas \u00e9 menos luxuosa que o Aerolula.<\/p>\n<blockquote class=\"instagram-media\" data-instgrm-captioned=\"\" data-instgrm-permalink=\"https:\/\/www.instagram.com\/p\/DBzDtESPwGa\/?utm_source=ig_embed&amp;utm_campaign=loading\" data-instgrm-version=\"14\" style=\" background:#FFF; border:0; border-radius:3px; box-shadow:0 0 1px 0 rgba(0,0,0,0.5),0 1px 10px 0 rgba(0,0,0,0.15); margin: 1px; max-width:540px; min-width:326px; padding:0; width:99.375%; width:-webkit-calc(100% - 2px); width:calc(100% - 2px);\"\/>\n<p>O KC-30 possui 32 assentos-cama de classe executiva, 206 poltronas de classe econ\u00f4mica e autonomia de 14 mil quil\u00f4metros \u2014 a maior da FAB. Por\u00e9m, n\u00e3o tem ambientes reservados, uma das caracter\u00edsticas do Aerolula.<\/p>\n<p>O VC-1, de uso do Pal\u00e1cio do Planalto, recebeu o apelido de Aerolula porque sua compra aconteceu em 2005, durante o primeiro mandato do petista na Presid\u00eancia da Rep\u00fablica. Ambos os modelos s\u00e3o de fabrica\u00e7\u00e3o da europeia Airbus.<\/p>\n<\/p><\/div>\n<p><script async src=\"\/\/www.instagram.com\/embed.js\"><\/script><br \/>\n<br \/><br \/>\n<br \/>Fonte: <a href=\"https:\/\/revistaoeste.com\/politica\/lula-deve-usar-dois-avioes-para-chegar-ao-japao\/\">Ag\u00eancia Brasil<\/a><\/p>\n","protected":false},"excerpt":{"rendered":"<p>O presidente Lula precisar\u00e1 usar mais de um avi\u00e3o para chegar ao Jap\u00e3o. Ele embarca neste s\u00e1bado, 24, para o pa\u00eds asi\u00e1tico. O trajeto, por\u00e9m, \u00e9 t\u00e3o extenso que n\u00e3o existem voos diretos entre os dois pa\u00edses. + Leia mais not\u00edcias de Pol\u00edtica em Oeste A programa\u00e7\u00e3o de voo conta com a troca de aeronaves [&hellip;]<\/p>\n","protected":false},"author":5,"featured_media":5965,"comment_status":"open","ping_status":"open","sticky":false,"template":"","format":"standard","meta":{"_seopress_robots_primary_cat":"","_seopress_titles_title":"","_seopress_titles_desc":"","_seopress_robots_index":"","footnotes":""},"categories":[47,1],"tags":[],"class_list":["post-7254","post","type-post","status-publish","format-standard","has-post-thumbnail","hentry","category-politica","category-ultimas-noticias"],"_links":{"self":[{"href":"https:\/\/mussicom.com\/noticias\/wp-json\/wp\/v2\/posts\/7254","targetHints":{"allow":["GET"]}}],"collection":[{"href":"https:\/\/mussicom.com\/noticias\/wp-json\/wp\/v2\/posts"}],"about":[{"href":"https:\/\/mussicom.com\/noticias\/wp-json\/wp\/v2\/types\/post"}],"author":[{"embeddable":true,"href":"https:\/\/mussicom.com\/noticias\/wp-json\/wp\/v2\/users\/5"}],"replies":[{"embeddable":true,"href":"https:\/\/mussicom.com\/noticias\/wp-json\/wp\/v2\/comments?post=7254"}],"version-history":[{"count":0,"href":"https:\/\/mussicom.com\/noticias\/wp-json\/wp\/v2\/posts\/7254\/revisions"}],"wp:featuredmedia":[{"embeddable":true,"href":"https:\/\/mussicom.com\/noticias\/wp-json\/wp\/v2\/media\/5965"}],"wp:attachment":[{"href":"https:\/\/mussicom.com\/noticias\/wp-json\/wp\/v2\/media?parent=7254"}],"wp:term":[{"taxonomy":"category","embeddable":true,"href":"https:\/\/mussicom.com\/noticias\/wp-json\/wp\/v2\/categories?post=7254"},{"taxonomy":"post_tag","embeddable":true,"href":"https:\/\/mussicom.com\/noticias\/wp-json\/wp\/v2\/tags?post=7254"}],"curies":[{"name":"wp","href":"https:\/\/api.w.org\/{rel}","templated":true}]}}