{"id":72525,"date":"2026-04-11T15:51:26","date_gmt":"2026-04-11T18:51:26","guid":{"rendered":"https:\/\/mussicom.com\/receita-das-exportacoes-de-citros-recua-quase-30-mesmo-com-volume-estavel\/"},"modified":"2026-04-11T15:51:26","modified_gmt":"2026-04-11T18:51:26","slug":"receita-das-exportacoes-de-citros-recua-quase-30-mesmo-com-volume-estavel","status":"publish","type":"post","link":"https:\/\/mussicom.com\/noticias\/receita-das-exportacoes-de-citros-recua-quase-30-mesmo-com-volume-estavel\/","title":{"rendered":"Receita das exporta\u00e7\u00f5es de citros recua quase 30%, mesmo com volume est\u00e1vel"},"content":{"rendered":"<p> <br \/>\n<\/p>\n<div>\n<div class=\"row\">\n<div class=\"col-lg col-infos mt-0 mt-lg-0\">\n<div class=\"section-sub-title\">\n<p itemprop=\"description\">&#13;<br \/>\n                                A receita com as vendas externas registra forte queda&#13;\n                            <\/p>\n<\/p><\/div>\n<div class=\"container\">\n<div class=\"row\">\n<div class=\"col-lg p-0 text-lg-end\">\n<div>\n<div id=\"mdEnviarPagina\" class=\"modal fade\" role=\"dialog\">\n<div class=\"modal-dialog\">\n<div class=\"modal-content\">\n<div class=\"modal-body\">\n<p><strong>Estimado usu\u00e1rio.<\/strong><br \/>Preencha o formul\u00e1rio abaixo para remeter a p\u00e1gina.<\/p>\n<\/p><\/div>\n<\/p><\/div>\n<\/p><\/div>\n<\/div><\/div>\n<\/p><\/div>\n<\/p><\/div>\n<\/p><\/div>\n<\/p><\/div>\n<\/p><\/div>\n<div class=\"row justify-content-md-center mt-3\">\n<div class=\"col-lg-auto col-image block-news-main-image\">\n<p>                                <br \/>\n                                                <span class=\"publicity-photo d-block mt-1\">Foto: Canva<\/span><\/p><\/div>\n<\/p><\/div>\n<div class=\"section-description section-description-noticias mt-3\">\n<p style=\"text-align:justify\">Apesar da estabilidade no volume exportado de suco de laranja na atual safra 2025\/26 (de julho\/25 a mar\u00e7o\/26), quando comparado ao mesmo intervalo da temporada 2024\/25, a receita com as vendas externas registra forte queda de 27,1%, refletindo o cen\u00e1rio de pre\u00e7os internacionais mais baixos nesta temporada, segundo dados da Secex.&#13;\n<\/p>\n<p style=\"text-align:justify\">Segundo o Cepea, o desempenho positivo dos embarques aos Estados Unidos tem sido um dos principais suportes para esse cen\u00e1rio de estabilidade na quantidade, mas n\u00e3o tem sido suficiente para evitar a queda no faturamento \u2013 mesmo com o maior volume embarcado ao pa\u00eds norte-americano, a receita apresenta queda de 16,4% na safra, evidenciando a press\u00e3o sobre os pre\u00e7os externos. J\u00e1 os embarques \u00e0 Uni\u00e3o Europeia seguem preocupando o setor nacional.&#13;\n<\/p>\n<p style=\"text-align:justify\">Os envios ao bloco europeu em mar\u00e7o somaram 36,9 mil toneladas, com forte avan\u00e7o de 49,3% frente a fevereiro (24,89 mil toneladas), mas esse ritmo de embarque segue insuficiente para que o escoamento total da safra 2025\/26 atinja a mesma quantidade da temporada passada. Como ponto positivo, pesquisadores do Cepea destacam que os estoques desta safra s\u00e3o compostos por produto de melhor qualidade, diferentemente do observado na temporada anterior, al\u00e9m de os pre\u00e7os estarem mais baixos e de os estoques no bloco aparentemente estarem mais limitados, o que pode favorecer uma retomada das compras da UE ao longo dos pr\u00f3ximos meses.&#13;\n<\/p>\n<\/p><\/div>\n<\/p><\/div>\n<p><script data-cfasync=\"false\">\n    !function (f, b, e, v, n, t, s) {\n        if (f.fbq) return; n = f.fbq = function () {\n            n.callMethod ?\n                n.callMethod.apply(n, arguments) : n.queue.push(arguments)\n        };\n        if (!f._fbq) f._fbq = n; n.push = n; n.loaded = !0; n.version = '2.0';\n        n.queue = []; t = b.createElement(e); t.async = !0;\n        t.src = v; s = b.getElementsByTagName(e)[0];\n        s.parentNode.insertBefore(t, s)\n    }(window, document, 'script',\n        'https:\/\/connect.facebook.net\/en_US\/fbevents.js');\n    fbq('init', '522546078623747');\n    fbq('track', 'PageView');\n<\/script><br \/>\n<br \/><br \/>\n<br \/>Fonte: <a href=\"https:\/\/www.agrolink.com.br\/noticias\/receita-das-exportacoes-de-citros-recua-quase-30---mesmo-com-volume-estavel_512952.html\">AGROLINK<\/a><\/p>\n","protected":false},"excerpt":{"rendered":"<p>&#13; A receita com as vendas externas registra forte queda&#13; Estimado usu\u00e1rio.Preencha o formul\u00e1rio abaixo para remeter a p\u00e1gina. Foto: Canva Apesar da estabilidade no volume exportado de suco de laranja na atual safra 2025\/26 (de julho\/25 a mar\u00e7o\/26), quando comparado ao mesmo intervalo da temporada 2024\/25, a receita com as vendas externas registra forte [&hellip;]<\/p>\n","protected":false},"author":5,"featured_media":31279,"comment_status":"open","ping_status":"open","sticky":false,"template":"","format":"standard","meta":{"_seopress_robots_primary_cat":"","_seopress_titles_title":"","_seopress_titles_desc":"","_seopress_robots_index":"","footnotes":""},"categories":[53],"tags":[],"class_list":["post-72525","post","type-post","status-publish","format-standard","has-post-thumbnail","hentry","category-agronegocio"],"_links":{"self":[{"href":"https:\/\/mussicom.com\/noticias\/wp-json\/wp\/v2\/posts\/72525","targetHints":{"allow":["GET"]}}],"collection":[{"href":"https:\/\/mussicom.com\/noticias\/wp-json\/wp\/v2\/posts"}],"about":[{"href":"https:\/\/mussicom.com\/noticias\/wp-json\/wp\/v2\/types\/post"}],"author":[{"embeddable":true,"href":"https:\/\/mussicom.com\/noticias\/wp-json\/wp\/v2\/users\/5"}],"replies":[{"embeddable":true,"href":"https:\/\/mussicom.com\/noticias\/wp-json\/wp\/v2\/comments?post=72525"}],"version-history":[{"count":0,"href":"https:\/\/mussicom.com\/noticias\/wp-json\/wp\/v2\/posts\/72525\/revisions"}],"wp:featuredmedia":[{"embeddable":true,"href":"https:\/\/mussicom.com\/noticias\/wp-json\/wp\/v2\/media\/31279"}],"wp:attachment":[{"href":"https:\/\/mussicom.com\/noticias\/wp-json\/wp\/v2\/media?parent=72525"}],"wp:term":[{"taxonomy":"category","embeddable":true,"href":"https:\/\/mussicom.com\/noticias\/wp-json\/wp\/v2\/categories?post=72525"},{"taxonomy":"post_tag","embeddable":true,"href":"https:\/\/mussicom.com\/noticias\/wp-json\/wp\/v2\/tags?post=72525"}],"curies":[{"name":"wp","href":"https:\/\/api.w.org\/{rel}","templated":true}]}}