{"id":72512,"date":"2026-04-11T14:47:20","date_gmt":"2026-04-11T17:47:20","guid":{"rendered":"https:\/\/mussicom.com\/caminhao-tomba-no-acesso-a-morrinhos-em-vicente-de-carvalho\/"},"modified":"2026-04-11T14:47:20","modified_gmt":"2026-04-11T17:47:20","slug":"caminhao-tomba-no-acesso-a-morrinhos-em-vicente-de-carvalho","status":"publish","type":"post","link":"https:\/\/mussicom.com\/noticias\/caminhao-tomba-no-acesso-a-morrinhos-em-vicente-de-carvalho\/","title":{"rendered":"Caminh\u00e3o tomba no acesso a Morrinhos, em Vicente de Carvalho"},"content":{"rendered":"<p> <br \/>\n<\/p>\n<div>\n<p>Um caminh\u00e3o tombou na al\u00e7a de acesso ao bairro Morrinhos, em Vicente de Carvalho, na madrugada deste s\u00e1bado (11). Apesar do susto, n\u00e3o houve feridos.<\/p>\n<p>De acordo com informa\u00e7\u00f5es da Ag\u00eancia Reguladora de Transportes do Estado (Artesp), o condutor da carreta Volvo trafegava sobre a Faixa 2 de rolamento, logo ap\u00f3s a sa\u00edda da Rodovia C\u00f4nego Dom\u00eanico Rangoni quando, no ao efetuar a curva, por motivos desconhecidos, perdeu o controle da dire\u00e7\u00e3o tombou a carreta e chocou-se na mureta de concreto.<\/p>\n<p>O acidente aconteceu por volta das 3h40. A al\u00e7a chegou a ser totalmente bloqueada at\u00e9 as 5h40 e, somente \u00e0s 7 horas, o acostamento foi liberado para o tr\u00e1fego.<\/p>\n<\/div>\n<p><br \/>\n<br \/>Fonte: <a href=\"https:\/\/jornaldaorla.com.br\/noticias\/caminhao-tomba-no-acesso-a-morrinhos-em-vicente-de-carvalho\/\">Jornal Da Orla<\/a><\/p>\n","protected":false},"excerpt":{"rendered":"<p>Um caminh\u00e3o tombou na al\u00e7a de acesso ao bairro Morrinhos, em Vicente de Carvalho, na madrugada deste s\u00e1bado (11). Apesar do susto, n\u00e3o houve feridos. De acordo com informa\u00e7\u00f5es da Ag\u00eancia Reguladora de Transportes do Estado (Artesp), o condutor da carreta Volvo trafegava sobre a Faixa 2 de rolamento, logo ap\u00f3s a sa\u00edda da Rodovia [&hellip;]<\/p>\n","protected":false},"author":5,"featured_media":72513,"comment_status":"open","ping_status":"open","sticky":false,"template":"","format":"standard","meta":{"_seopress_robots_primary_cat":"","_seopress_titles_title":"","_seopress_titles_desc":"","_seopress_robots_index":"","footnotes":""},"categories":[52],"tags":[],"class_list":["post-72512","post","type-post","status-publish","format-standard","has-post-thumbnail","hentry","category-santoseregiao"],"_links":{"self":[{"href":"https:\/\/mussicom.com\/noticias\/wp-json\/wp\/v2\/posts\/72512","targetHints":{"allow":["GET"]}}],"collection":[{"href":"https:\/\/mussicom.com\/noticias\/wp-json\/wp\/v2\/posts"}],"about":[{"href":"https:\/\/mussicom.com\/noticias\/wp-json\/wp\/v2\/types\/post"}],"author":[{"embeddable":true,"href":"https:\/\/mussicom.com\/noticias\/wp-json\/wp\/v2\/users\/5"}],"replies":[{"embeddable":true,"href":"https:\/\/mussicom.com\/noticias\/wp-json\/wp\/v2\/comments?post=72512"}],"version-history":[{"count":0,"href":"https:\/\/mussicom.com\/noticias\/wp-json\/wp\/v2\/posts\/72512\/revisions"}],"wp:featuredmedia":[{"embeddable":true,"href":"https:\/\/mussicom.com\/noticias\/wp-json\/wp\/v2\/media\/72513"}],"wp:attachment":[{"href":"https:\/\/mussicom.com\/noticias\/wp-json\/wp\/v2\/media?parent=72512"}],"wp:term":[{"taxonomy":"category","embeddable":true,"href":"https:\/\/mussicom.com\/noticias\/wp-json\/wp\/v2\/categories?post=72512"},{"taxonomy":"post_tag","embeddable":true,"href":"https:\/\/mussicom.com\/noticias\/wp-json\/wp\/v2\/tags?post=72512"}],"curies":[{"name":"wp","href":"https:\/\/api.w.org\/{rel}","templated":true}]}}