{"id":72497,"date":"2026-04-11T12:45:18","date_gmt":"2026-04-11T15:45:18","guid":{"rendered":"https:\/\/mussicom.com\/carros-batem-de-frente-e-mogi-bertioga-e-totalmente-bloqueada\/"},"modified":"2026-04-11T12:45:18","modified_gmt":"2026-04-11T15:45:18","slug":"carros-batem-de-frente-e-mogi-bertioga-e-totalmente-bloqueada","status":"publish","type":"post","link":"https:\/\/mussicom.com\/noticias\/carros-batem-de-frente-e-mogi-bertioga-e-totalmente-bloqueada\/","title":{"rendered":"Carros batem de frente e Mogi-Bertioga \u00e9 totalmente bloqueada"},"content":{"rendered":"<p> <br \/>\n<\/p>\n<div>\n<p>Um acidente provocou o bloqueio total da Rodovia Mogi-Bertioga na tarde desta sexta-feira (10). Apesar da gravidade do incidente, n\u00e3o houve feridos.<\/p>\n<p>De acordo com informa\u00e7\u00f5es da Ag\u00eancia Reguladora de Transportes do Estado (Artesp), a condutora de um GWM Haval trafegava no sentido Norte da via, enquanto um Renault Sandero seguia no sentido Sul, quando no km 90+700 SP098, a condutora do Haval perdeu o controle da dire\u00e7\u00e3o, rodou na pista invadindo faixa contr\u00e1ria vindo a colidir frontalmente com o Sandero.<\/p>\n<p>O acidente aconteceu por volta das 16h50 e as pistas ficaram bloqueadas at\u00e9 as 18h10, quando os ve\u00edculos foram retirados.<\/p>\n<\/div>\n<p><br \/>\n<br \/>Fonte: <a href=\"https:\/\/jornaldaorla.com.br\/noticias\/carros-batem-de-frente-e-mogi-bertioga-e-totalmente-bloqueada\/\">Jornal Da Orla<\/a><\/p>\n","protected":false},"excerpt":{"rendered":"<p>Um acidente provocou o bloqueio total da Rodovia Mogi-Bertioga na tarde desta sexta-feira (10). Apesar da gravidade do incidente, n\u00e3o houve feridos. De acordo com informa\u00e7\u00f5es da Ag\u00eancia Reguladora de Transportes do Estado (Artesp), a condutora de um GWM Haval trafegava no sentido Norte da via, enquanto um Renault Sandero seguia no sentido Sul, quando [&hellip;]<\/p>\n","protected":false},"author":5,"featured_media":72498,"comment_status":"open","ping_status":"open","sticky":false,"template":"","format":"standard","meta":{"_seopress_robots_primary_cat":"","_seopress_titles_title":"","_seopress_titles_desc":"","_seopress_robots_index":"","footnotes":""},"categories":[52],"tags":[],"class_list":["post-72497","post","type-post","status-publish","format-standard","has-post-thumbnail","hentry","category-santoseregiao"],"_links":{"self":[{"href":"https:\/\/mussicom.com\/noticias\/wp-json\/wp\/v2\/posts\/72497","targetHints":{"allow":["GET"]}}],"collection":[{"href":"https:\/\/mussicom.com\/noticias\/wp-json\/wp\/v2\/posts"}],"about":[{"href":"https:\/\/mussicom.com\/noticias\/wp-json\/wp\/v2\/types\/post"}],"author":[{"embeddable":true,"href":"https:\/\/mussicom.com\/noticias\/wp-json\/wp\/v2\/users\/5"}],"replies":[{"embeddable":true,"href":"https:\/\/mussicom.com\/noticias\/wp-json\/wp\/v2\/comments?post=72497"}],"version-history":[{"count":0,"href":"https:\/\/mussicom.com\/noticias\/wp-json\/wp\/v2\/posts\/72497\/revisions"}],"wp:featuredmedia":[{"embeddable":true,"href":"https:\/\/mussicom.com\/noticias\/wp-json\/wp\/v2\/media\/72498"}],"wp:attachment":[{"href":"https:\/\/mussicom.com\/noticias\/wp-json\/wp\/v2\/media?parent=72497"}],"wp:term":[{"taxonomy":"category","embeddable":true,"href":"https:\/\/mussicom.com\/noticias\/wp-json\/wp\/v2\/categories?post=72497"},{"taxonomy":"post_tag","embeddable":true,"href":"https:\/\/mussicom.com\/noticias\/wp-json\/wp\/v2\/tags?post=72497"}],"curies":[{"name":"wp","href":"https:\/\/api.w.org\/{rel}","templated":true}]}}