{"id":72374,"date":"2026-04-10T20:28:32","date_gmt":"2026-04-10T23:28:32","guid":{"rendered":"https:\/\/mussicom.com\/cadeira-vazia-chama-a-atencao-para-violencia-contra-a-mulher-em-santos\/"},"modified":"2026-04-10T20:28:32","modified_gmt":"2026-04-10T23:28:32","slug":"cadeira-vazia-chama-a-atencao-para-violencia-contra-a-mulher-em-santos","status":"publish","type":"post","link":"https:\/\/mussicom.com\/noticias\/cadeira-vazia-chama-a-atencao-para-violencia-contra-a-mulher-em-santos\/","title":{"rendered":"Cadeira vazia chama a aten\u00e7\u00e3o para viol\u00eancia contra a mulher em Santos"},"content":{"rendered":"<p> <br \/>\n<\/p>\n<div>\n<p>\u201cEsta cadeira est\u00e1 vazia pois uma mulher que poderia estar estudando foi v\u00edtima de feminic\u00eddio\u201d. Essa frase estampa o encosto de uma cadeira, do tipo universit\u00e1ria, na cor vermelha (assentos, encosto, prancheta de bra\u00e7o), que foi doada \u00e0 Secretaria de Sa\u00fade de Santos (SMS) nesta quinta-feira (9) pelo Projeto Cadeira Vazia, iniciativa do Instituto Ser Educacional nas universidades dos quais \u00e9 mantenedor.<\/p>\n<p>A cess\u00e3o foi realizada no estande da SMS no 39\u00ba Congresso de Secret\u00e1rios Municipais de Sa\u00fade, realizado no Santos Convention Center (Ponta da Praia). O secret\u00e1rio de Sa\u00fade de Santos, F\u00e1bio Lopez, explicou que a cadeira ter\u00e1 perfil itinerante e percorrer\u00e1 espa\u00e7os p\u00fablicos da Cidade que tenham grande fluxo de pessoas. A cadeira ser\u00e1 uma forma de promovermos em car\u00e1ter permanente a reflex\u00e3o e a discuss\u00e3o na sociedade sobre a viol\u00eancia contra a mulher e o feminic\u00eddio. O assento vazio \u00e9 um s\u00edmbolo contundente desse enfrentamento\u201d.<\/p>\n<p>Caso algu\u00e9m sente na cadeira, ver\u00e1 a seguinte mensagem exposta na prancheta de bra\u00e7o: \u2018Se voc\u00ea foi v\u00edtima o est\u00e1 enfrentando qualquer forma de viol\u00eancia, acesse o QR Code para mais informa\u00e7\u00f5es ou ligue para o 180\u2019.<\/p>\n<p>O secret\u00e1rio tamb\u00e9m enaltece a import\u00e2ncia de a iniciativa ser realizada no Munic\u00edpio do Brasil que tem a maior propor\u00e7\u00e3o de mulheres entre os seus habitantes: 54,6%.<\/p>\n<p>Adriane Mendes, gerente de governan\u00e7a ambiental e social do Instituto Ser Educacional, explica que a iniciativa iniciou em dezembro de 2024 em Recife (PE).<\/p>\n<p>\u201cO prop\u00f3sito \u00e9 tirar a invisibilidade deste tema de dentro das casas e trazer a tem\u00e1tica para o dia a dia da sociedade. \u00c9 extremamente necess\u00e1rio e s\u00f3 acontece quando a gente prop\u00f5e espa\u00e7os abertos, democr\u00e1ticos para que isso seja feito\u201d.<\/p>\n<p><strong>CAMPANHA AMPLIADA<\/strong><\/p>\n<p>A convite do Conselho de Secret\u00e1rios Municipais de Sa\u00fade do Estado de S\u00e3o Paulo (Cosems\/SP), o Instituto Ser Educacional colocou capas vermelhas em determinados assentos de todos os audit\u00f3rios do centro de conven\u00e7\u00f5es, como forma de chamar a aten\u00e7\u00e3o para esta causa.<\/p>\n<\/div>\n<p><br \/>\n<br \/>Fonte: <a href=\"https:\/\/jornaldaorla.com.br\/noticias\/cadeira-vazia-chama-a-atencao-para-violencia-contra-a-mulher-em-santos\/\">Jornal Da Orla<\/a><\/p>\n","protected":false},"excerpt":{"rendered":"<p>\u201cEsta cadeira est\u00e1 vazia pois uma mulher que poderia estar estudando foi v\u00edtima de feminic\u00eddio\u201d. Essa frase estampa o encosto de uma cadeira, do tipo universit\u00e1ria, na cor vermelha (assentos, encosto, prancheta de bra\u00e7o), que foi doada \u00e0 Secretaria de Sa\u00fade de Santos (SMS) nesta quinta-feira (9) pelo Projeto Cadeira Vazia, iniciativa do Instituto Ser [&hellip;]<\/p>\n","protected":false},"author":5,"featured_media":72375,"comment_status":"open","ping_status":"open","sticky":false,"template":"","format":"standard","meta":{"_seopress_robots_primary_cat":"","_seopress_titles_title":"","_seopress_titles_desc":"","_seopress_robots_index":"","footnotes":""},"categories":[52],"tags":[],"class_list":["post-72374","post","type-post","status-publish","format-standard","has-post-thumbnail","hentry","category-santoseregiao"],"_links":{"self":[{"href":"https:\/\/mussicom.com\/noticias\/wp-json\/wp\/v2\/posts\/72374","targetHints":{"allow":["GET"]}}],"collection":[{"href":"https:\/\/mussicom.com\/noticias\/wp-json\/wp\/v2\/posts"}],"about":[{"href":"https:\/\/mussicom.com\/noticias\/wp-json\/wp\/v2\/types\/post"}],"author":[{"embeddable":true,"href":"https:\/\/mussicom.com\/noticias\/wp-json\/wp\/v2\/users\/5"}],"replies":[{"embeddable":true,"href":"https:\/\/mussicom.com\/noticias\/wp-json\/wp\/v2\/comments?post=72374"}],"version-history":[{"count":0,"href":"https:\/\/mussicom.com\/noticias\/wp-json\/wp\/v2\/posts\/72374\/revisions"}],"wp:featuredmedia":[{"embeddable":true,"href":"https:\/\/mussicom.com\/noticias\/wp-json\/wp\/v2\/media\/72375"}],"wp:attachment":[{"href":"https:\/\/mussicom.com\/noticias\/wp-json\/wp\/v2\/media?parent=72374"}],"wp:term":[{"taxonomy":"category","embeddable":true,"href":"https:\/\/mussicom.com\/noticias\/wp-json\/wp\/v2\/categories?post=72374"},{"taxonomy":"post_tag","embeddable":true,"href":"https:\/\/mussicom.com\/noticias\/wp-json\/wp\/v2\/tags?post=72374"}],"curies":[{"name":"wp","href":"https:\/\/api.w.org\/{rel}","templated":true}]}}