{"id":72373,"date":"2026-04-10T20:27:31","date_gmt":"2026-04-10T23:27:31","guid":{"rendered":"https:\/\/mussicom.com\/oposicao-cobra-eleicoes-na-venezuela-e-fala-em-vazio-de-poder\/"},"modified":"2026-04-10T20:27:31","modified_gmt":"2026-04-10T23:27:31","slug":"oposicao-cobra-eleicoes-na-venezuela-e-fala-em-vazio-de-poder","status":"publish","type":"post","link":"https:\/\/mussicom.com\/noticias\/oposicao-cobra-eleicoes-na-venezuela-e-fala-em-vazio-de-poder\/","title":{"rendered":"Oposi\u00e7\u00e3o cobra elei\u00e7\u00f5es na Venezuela e fala em vazio de poder"},"content":{"rendered":"<p> <br \/>\n<\/p>\n<div id=\"tp-post-content\">\n<p class=\"postParagraph_post-paragraph__juWZN postParagraph_post-paragraph-innerHtml__Q5vwc\">O partido Vente Venezuela, da l\u00edder opositora Mar\u00eda Corina Machado, pediu nesta sexta-feira (10) a realiza\u00e7\u00e3o de elei\u00e7\u00f5es presidenciais imediatas na Venezuela, alegando que o pa\u00eds est\u00e1 diante de uma \u201caus\u00eancia absoluta\u201d de poder e que \u00e9 necess\u00e1rio restabelecer a ordem constitucional.<\/p>\n<p class=\"postParagraph_post-paragraph__juWZN postParagraph_post-paragraph-innerHtml__Q5vwc\">Em comunicado oficial divulgado em Caracas, a legenda afirma que o pedido ocorre diante do cen\u00e1rio aberto ap\u00f3s a queda do ditador Nicol\u00e1s Maduro e sua retirada do pa\u00eds, ap\u00f3s ter sido capturado por for\u00e7as americanas em 3 de janeiro deste ano, situa\u00e7\u00e3o que, segundo a organiza\u00e7\u00e3o, configura uma ruptura institucional que deve ser resolvida conforme a Constitui\u00e7\u00e3o venezuelana.<\/p>\n<p class=\"postParagraph_post-paragraph__juWZN postParagraph_post-paragraph-innerHtml__Q5vwc\">Segundo o texto, a Constitui\u00e7\u00e3o venezuelana prev\u00ea que, diante de uma \u201cfalta absoluta\u201d do presidente, devem ser convocadas elei\u00e7\u00f5es em at\u00e9 30 dias. O partido argumenta que esse prazo j\u00e1 deveria ter sido acionado, uma vez que mais de 90 dias se passaram desde a retirada de Maduro \u2013 o l\u00edder pela Constitui\u00e7\u00e3o &#8211; do territ\u00f3rio venezuelano.<\/p>\n<p class=\"postParagraph_post-paragraph__juWZN postParagraph_post-paragraph-innerHtml__Q5vwc\">O comunicado tamb\u00e9m critica a decis\u00e3o do Tribunal Supremo de Justi\u00e7a (TSJ) da Venezuela, que permitiu que Delcy Rodr\u00edguez assumisse o poder com base na tese de \u201caus\u00eancia for\u00e7osa\u201d, classifica\u00e7\u00e3o que n\u00e3o est\u00e1 prevista na Constitui\u00e7\u00e3o, segundo os opositores. Para o Vente Venezuela, essa interpreta\u00e7\u00e3o jur\u00eddica foi utilizada pela corte \u2013 que conta com aliados do chavismo &#8211; para evitar a convoca\u00e7\u00e3o de elei\u00e7\u00f5es e manter o controle pol\u00edtico do pa\u00eds.<\/p>\n<p class=\"postParagraph_post-paragraph__juWZN postParagraph_post-paragraph-innerHtml__Q5vwc\">Al\u00e9m disso, o grupo afirma que Rodr\u00edguez n\u00e3o foi eleita diretamente para o cargo e questiona a legitimidade de sua perman\u00eancia \u00e0 frente do Executivo venezuelano. A organiza\u00e7\u00e3o sustenta que \u201cignorar a aplica\u00e7\u00e3o das regras constitucionais permite a continuidade do sistema pol\u00edtico atual e impede a transi\u00e7\u00e3o democr\u00e1tica\u201d.<\/p>\n<p class=\"postParagraph_post-paragraph__juWZN postParagraph_post-paragraph-innerHtml__Q5vwc\">A manifesta\u00e7\u00e3o do partido ocorre um dia ap\u00f3s a Plataforma Democr\u00e1tica Unit\u00e1ria (PUD), principal coaliz\u00e3o opositora, anunciar que apresentar\u00e1 um plano de transi\u00e7\u00e3o pol\u00edtica no pr\u00f3ximo domingo (12), marcando os 90 dias desde a captura do ditador Maduro e o in\u00edcio do regime interino de Delcy.<\/p>\n<\/div>\n<p><br \/>\n<br \/>Fonte: <a href=\"https:\/\/www.gazetadopovo.com.br\/mundo\/oposicao-fala-em-ausencia-de-poder-e-pede-convocacao-de-eleicoes-imediatas-na-venezuela\/\">Revista Oeste<\/a><\/p>\n","protected":false},"excerpt":{"rendered":"<p>O partido Vente Venezuela, da l\u00edder opositora Mar\u00eda Corina Machado, pediu nesta sexta-feira (10) a realiza\u00e7\u00e3o de elei\u00e7\u00f5es presidenciais imediatas na Venezuela, alegando que o pa\u00eds est\u00e1 diante de uma \u201caus\u00eancia absoluta\u201d de poder e que \u00e9 necess\u00e1rio restabelecer a ordem constitucional. Em comunicado oficial divulgado em Caracas, a legenda afirma que o pedido ocorre [&hellip;]<\/p>\n","protected":false},"author":5,"featured_media":58780,"comment_status":"open","ping_status":"open","sticky":false,"template":"","format":"standard","meta":{"_seopress_robots_primary_cat":"","_seopress_titles_title":"","_seopress_titles_desc":"","_seopress_robots_index":"","footnotes":""},"categories":[48],"tags":[],"class_list":["post-72373","post","type-post","status-publish","format-standard","has-post-thumbnail","hentry","category-internacional"],"_links":{"self":[{"href":"https:\/\/mussicom.com\/noticias\/wp-json\/wp\/v2\/posts\/72373","targetHints":{"allow":["GET"]}}],"collection":[{"href":"https:\/\/mussicom.com\/noticias\/wp-json\/wp\/v2\/posts"}],"about":[{"href":"https:\/\/mussicom.com\/noticias\/wp-json\/wp\/v2\/types\/post"}],"author":[{"embeddable":true,"href":"https:\/\/mussicom.com\/noticias\/wp-json\/wp\/v2\/users\/5"}],"replies":[{"embeddable":true,"href":"https:\/\/mussicom.com\/noticias\/wp-json\/wp\/v2\/comments?post=72373"}],"version-history":[{"count":0,"href":"https:\/\/mussicom.com\/noticias\/wp-json\/wp\/v2\/posts\/72373\/revisions"}],"wp:featuredmedia":[{"embeddable":true,"href":"https:\/\/mussicom.com\/noticias\/wp-json\/wp\/v2\/media\/58780"}],"wp:attachment":[{"href":"https:\/\/mussicom.com\/noticias\/wp-json\/wp\/v2\/media?parent=72373"}],"wp:term":[{"taxonomy":"category","embeddable":true,"href":"https:\/\/mussicom.com\/noticias\/wp-json\/wp\/v2\/categories?post=72373"},{"taxonomy":"post_tag","embeddable":true,"href":"https:\/\/mussicom.com\/noticias\/wp-json\/wp\/v2\/tags?post=72373"}],"curies":[{"name":"wp","href":"https:\/\/api.w.org\/{rel}","templated":true}]}}