{"id":72342,"date":"2026-04-10T17:26:25","date_gmt":"2026-04-10T20:26:25","guid":{"rendered":"https:\/\/mussicom.com\/praia-grande-sp-ganhara-cerca-de-600-novos-abrigos-de-onibus\/"},"modified":"2026-04-10T17:26:25","modified_gmt":"2026-04-10T20:26:25","slug":"praia-grande-sp-ganhara-cerca-de-600-novos-abrigos-de-onibus","status":"publish","type":"post","link":"https:\/\/mussicom.com\/noticias\/praia-grande-sp-ganhara-cerca-de-600-novos-abrigos-de-onibus\/","title":{"rendered":"Praia Grande\/SP ganhar\u00e1 cerca de 600 novos abrigos de \u00f4nibus"},"content":{"rendered":"<p> <br \/>\n<\/p>\n<div id=\"texto\">\n<p>A Cidade ganhar\u00e1 cerca de 600 novos abrigos de \u00a0\u00f4nibus que trar\u00e3o mais conforto e comodidade aos passageiros. A \u00a0instala\u00e7\u00e3o desses equipamentos dever\u00e1 ter in\u00edcio nos pr\u00f3ximos meses, \u00a0logo ap\u00f3s o final do processo licitat\u00f3rio.<br \/>&#13;<br \/>\n\u00a0<\/p>\n<p>O projeto dos novos abrigos foi formatado em conjunto entre as \u00a0secretarias municipais de Transportes (Setransp) e de Projetos \u00a0Especiais e Estrat\u00e9gicos (Sepee). As duas pastas trabalharam ao longo \u00a0dos \u00faltimos meses em busca de solu\u00e7\u00f5es para entregar o melhor produto \u00a0poss\u00edvel otimizando os recursos p\u00fablicos.<br \/>&#13;<br \/>\n\u00a0<\/p>\n<p>Ap\u00f3s estudos e a etapa de confec\u00e7\u00e3o de modelos, ficou definido que os \u00a0novos abrigos ser\u00e3o produzidos utilizando tr\u00eas tipos de materiais: \u00a0fibra de vidro, concreto e EPS, moderna tecnologia com poliestireno \u00a0expandido. A escolha do material depender\u00e1 das caracter\u00edsticas do \u00a0local em que o equipamento ser\u00e1 instalado.<br \/>&#13;<br \/>\n\u00a0<\/p>\n<p>\u201cA Prefeitura de Praia Grande vem trabalhando muito ao longo dos \u00a0\u00faltimos meses para ajustar a concep\u00e7\u00e3o dos novos abrigos, sempre \u00a0pensando no melhor para a popula\u00e7\u00e3o. Tudo foi pensado nos m\u00ednimos \u00a0detalhes para atender as necessidades das pessoas. O edital ser\u00e1 \u00a0publicado nos pr\u00f3ximos dias. Ap\u00f3s essa etapa a instala\u00e7\u00e3o ter\u00e1 \u00a0in\u00edcio\u201d, comentou o secret\u00e1rio de Transportes praia-grandense, Leandro \u00a0Avelino.<br \/>&#13;<br \/>\n\u00a0<\/p>\n<p>Praia Grande possui uma frota composta por 89 modernos \u00f4nibus. Os \u00a0ve\u00edculos circulam pelas linhas municipais nos bairros. O Munic\u00edpio \u00a0tamb\u00e9m \u00e9 atendido por outras 14 linhas intermunicipais. A estrutura do \u00a0transporte p\u00fablico ainda tem dois terminais de passageiros, o Tude \u00a0Bastos, no Bairro S\u00edtio do Campo, e o Tatico, no Mirim. Por dia, s\u00e3o \u00a0transportadas 69 mil pessoas na Cidade.<br \/>&#13;<br \/>\n\u00a0<\/p>\n<p><strong>Manuten\u00e7\u00f5es e retiradas \u2013 <\/strong>Atualmente, a Setransp est\u00e1 efetuando \u00a0servi\u00e7os de manuten\u00e7\u00e3o e, caso necess\u00e1rio, a retirada de abrigos de \u00a0\u00f4nibus que est\u00e3o com a estrutura comprometida. O objetivo \u00e9 minimizar \u00a0danos \u00e0 popula\u00e7\u00e3o e evitar acidentes.<br \/>&#13;<br \/>\n\u00a0<\/p>\n<p>\u201cSer\u00e3o cerca de 600 novos abrigos. A instala\u00e7\u00e3o de todos esses \u00a0equipamentos dever\u00e1 durar aproximadamente dois anos. Por conta desse \u00a0prazo, a Prefeitura est\u00e1 realizando a manuten\u00e7\u00e3o dos existentes para \u00a0utiliza\u00e7\u00e3o correta e segura at\u00e9 que este sejam substitu\u00eddos pelos \u00a0novos\u201d, explicou o secret\u00e1rio.<\/p>\n<\/p><\/div>\n<p><script async defer crossorigin=\"anonymous\" src=\"https:\/\/connect.facebook.net\/pt_BR\/sdk.js#xfbml=1&#038;version=v12.0&#038;appId=&#038;autoLogAppEvents=1\" nonce=\"ou0fI1lo\"><\/script><br \/>\n<br \/><br \/>\n<br \/>Fonte: <a href=\"https:\/\/www.bs9.com.br\/litoral\/praia-grandesp-ganhara-cerca-de-600-novos-abrigos-de-onibus\/38830\/\">BS9<\/a><\/p>\n","protected":false},"excerpt":{"rendered":"<p>A Cidade ganhar\u00e1 cerca de 600 novos abrigos de \u00a0\u00f4nibus que trar\u00e3o mais conforto e comodidade aos passageiros. A \u00a0instala\u00e7\u00e3o desses equipamentos dever\u00e1 ter in\u00edcio nos pr\u00f3ximos meses, \u00a0logo ap\u00f3s o final do processo licitat\u00f3rio.&#13; \u00a0 O projeto dos novos abrigos foi formatado em conjunto entre as \u00a0secretarias municipais de Transportes (Setransp) e de Projetos [&hellip;]<\/p>\n","protected":false},"author":5,"featured_media":72343,"comment_status":"open","ping_status":"open","sticky":false,"template":"","format":"standard","meta":{"_seopress_robots_primary_cat":"","_seopress_titles_title":"","_seopress_titles_desc":"","_seopress_robots_index":"","footnotes":""},"categories":[52],"tags":[],"class_list":["post-72342","post","type-post","status-publish","format-standard","has-post-thumbnail","hentry","category-santoseregiao"],"_links":{"self":[{"href":"https:\/\/mussicom.com\/noticias\/wp-json\/wp\/v2\/posts\/72342","targetHints":{"allow":["GET"]}}],"collection":[{"href":"https:\/\/mussicom.com\/noticias\/wp-json\/wp\/v2\/posts"}],"about":[{"href":"https:\/\/mussicom.com\/noticias\/wp-json\/wp\/v2\/types\/post"}],"author":[{"embeddable":true,"href":"https:\/\/mussicom.com\/noticias\/wp-json\/wp\/v2\/users\/5"}],"replies":[{"embeddable":true,"href":"https:\/\/mussicom.com\/noticias\/wp-json\/wp\/v2\/comments?post=72342"}],"version-history":[{"count":0,"href":"https:\/\/mussicom.com\/noticias\/wp-json\/wp\/v2\/posts\/72342\/revisions"}],"wp:featuredmedia":[{"embeddable":true,"href":"https:\/\/mussicom.com\/noticias\/wp-json\/wp\/v2\/media\/72343"}],"wp:attachment":[{"href":"https:\/\/mussicom.com\/noticias\/wp-json\/wp\/v2\/media?parent=72342"}],"wp:term":[{"taxonomy":"category","embeddable":true,"href":"https:\/\/mussicom.com\/noticias\/wp-json\/wp\/v2\/categories?post=72342"},{"taxonomy":"post_tag","embeddable":true,"href":"https:\/\/mussicom.com\/noticias\/wp-json\/wp\/v2\/tags?post=72342"}],"curies":[{"name":"wp","href":"https:\/\/api.w.org\/{rel}","templated":true}]}}