{"id":72332,"date":"2026-04-10T16:25:23","date_gmt":"2026-04-10T19:25:23","guid":{"rendered":"https:\/\/mussicom.com\/tekoa-rio-silveira-confira-a-programacao-da-celebracao-dos-povos-originarios\/"},"modified":"2026-04-10T16:25:23","modified_gmt":"2026-04-10T19:25:23","slug":"tekoa-rio-silveira-confira-a-programacao-da-celebracao-dos-povos-originarios","status":"publish","type":"post","link":"https:\/\/mussicom.com\/noticias\/tekoa-rio-silveira-confira-a-programacao-da-celebracao-dos-povos-originarios\/","title":{"rendered":"Tekoa Rio Silveira: confira a programa\u00e7\u00e3o da celebra\u00e7\u00e3o dos povos origin\u00e1rios"},"content":{"rendered":"<p> <br \/>\n<\/p>\n<div id=\"texto\">\n<p>A Aldeia Rio Silveira recebe entre os dias 18 e 21 de abril, o evento Tekoa Rio Silveira &#8211; Celebra\u00e7\u00e3o dos Povos Origin\u00e1rios, em comemora\u00e7\u00e3o ao Dia dos Povos Ind\u00edgenas, celebrado em 19 de\u00a0abril. A programa\u00e7\u00e3o \u00e9 aberta ao p\u00fablico e conta com apoio conjunto das Prefeituras de Bertioga e S\u00e3o Sebasti\u00e3o.<\/p>\n<p>\u00a0<\/p>\n<p>As atividades acontecem das 10h \u00e0s 16h, na Aldeia Rio Silveira, com acesso pelo Km 183 da Rodovia Rio-Santos. A iniciativa visa valorizar a cultura, os costumes e as tradi\u00e7\u00f5es dos povos origin\u00e1rios, al\u00e9m de promover a integra\u00e7\u00e3o com moradores e visitantes.<\/p>\n<p>\u00a0<\/p>\n<p>Durante os quatro dias de celebra\u00e7\u00e3o, o p\u00fablico poder\u00e1 conferir artesanato tradicional, comidas t\u00edpicas, dan\u00e7as culturais, apresenta\u00e7\u00f5es de arco e flecha, jogos ind\u00edgenas e outras pr\u00e1ticas tradicionais do povo Guarani.<\/p>\n<p>\u00a0<\/p>\n<p><strong>Confira a programa\u00e7\u00e3o de abertura:<\/strong><\/p>\n<p>\u00a0<\/p>\n<p>\u00a010h \u2013 Abertura com presen\u00e7a das autoridades<\/p>\n<p>\u00a011h \u2013 Atividades culturais<\/p>\n<p>\u00a012h \u2013 Almo\u00e7o<\/p>\n<p>\u00a013h \u2013 Jogos ind\u00edgenas<\/p>\n<p>\u00a014h \u2013 Canto do coral Guarani<\/p>\n<p>\u00a015h \u2013 Comida t\u00edpica<\/p>\n<p>\u00a016h \u2013 Encerramento do dia<\/p>\n<p>\u00a0<\/p>\n<p><strong>Dia dos Povos Ind\u00edgenas<\/strong><\/p>\n<p>\u00a0<\/p>\n<p>No Brasil, o Dia dos Povos Ind\u00edgenas \u00e9 celebrado em 19 de abril. A data, oficializada em 1943, reconhece a diversidade cultural, a hist\u00f3ria e os direitos dos povos origin\u00e1rios, al\u00e9m de refor\u00e7ar a import\u00e2ncia do respeito, da preserva\u00e7\u00e3o cultural e do combate ao preconceito.<\/p>\n<\/p><\/div>\n<p><script async defer crossorigin=\"anonymous\" src=\"https:\/\/connect.facebook.net\/pt_BR\/sdk.js#xfbml=1&#038;version=v12.0&#038;appId=&#038;autoLogAppEvents=1\" nonce=\"ou0fI1lo\"><\/script><br \/>\n<br \/><br \/>\n<br \/>Fonte: <a href=\"https:\/\/www.bs9.com.br\/litoral\/tekoa-rio-silveira-confira-a-programacao-da-celebracao-dos-povos\/38831\/\">BS9<\/a><\/p>\n","protected":false},"excerpt":{"rendered":"<p>A Aldeia Rio Silveira recebe entre os dias 18 e 21 de abril, o evento Tekoa Rio Silveira &#8211; Celebra\u00e7\u00e3o dos Povos Origin\u00e1rios, em comemora\u00e7\u00e3o ao Dia dos Povos Ind\u00edgenas, celebrado em 19 de\u00a0abril. A programa\u00e7\u00e3o \u00e9 aberta ao p\u00fablico e conta com apoio conjunto das Prefeituras de Bertioga e S\u00e3o Sebasti\u00e3o. \u00a0 As atividades [&hellip;]<\/p>\n","protected":false},"author":5,"featured_media":72333,"comment_status":"open","ping_status":"open","sticky":false,"template":"","format":"standard","meta":{"_seopress_robots_primary_cat":"","_seopress_titles_title":"","_seopress_titles_desc":"","_seopress_robots_index":"","footnotes":""},"categories":[52],"tags":[],"class_list":["post-72332","post","type-post","status-publish","format-standard","has-post-thumbnail","hentry","category-santoseregiao"],"_links":{"self":[{"href":"https:\/\/mussicom.com\/noticias\/wp-json\/wp\/v2\/posts\/72332","targetHints":{"allow":["GET"]}}],"collection":[{"href":"https:\/\/mussicom.com\/noticias\/wp-json\/wp\/v2\/posts"}],"about":[{"href":"https:\/\/mussicom.com\/noticias\/wp-json\/wp\/v2\/types\/post"}],"author":[{"embeddable":true,"href":"https:\/\/mussicom.com\/noticias\/wp-json\/wp\/v2\/users\/5"}],"replies":[{"embeddable":true,"href":"https:\/\/mussicom.com\/noticias\/wp-json\/wp\/v2\/comments?post=72332"}],"version-history":[{"count":0,"href":"https:\/\/mussicom.com\/noticias\/wp-json\/wp\/v2\/posts\/72332\/revisions"}],"wp:featuredmedia":[{"embeddable":true,"href":"https:\/\/mussicom.com\/noticias\/wp-json\/wp\/v2\/media\/72333"}],"wp:attachment":[{"href":"https:\/\/mussicom.com\/noticias\/wp-json\/wp\/v2\/media?parent=72332"}],"wp:term":[{"taxonomy":"category","embeddable":true,"href":"https:\/\/mussicom.com\/noticias\/wp-json\/wp\/v2\/categories?post=72332"},{"taxonomy":"post_tag","embeddable":true,"href":"https:\/\/mussicom.com\/noticias\/wp-json\/wp\/v2\/tags?post=72332"}],"curies":[{"name":"wp","href":"https:\/\/api.w.org\/{rel}","templated":true}]}}