{"id":72309,"date":"2026-04-10T13:28:19","date_gmt":"2026-04-10T16:28:19","guid":{"rendered":"https:\/\/mussicom.com\/seif-nega-oportunismo-de-carlos-bolsonaro\/"},"modified":"2026-04-10T13:28:19","modified_gmt":"2026-04-10T16:28:19","slug":"seif-nega-oportunismo-de-carlos-bolsonaro","status":"publish","type":"post","link":"https:\/\/mussicom.com\/noticias\/seif-nega-oportunismo-de-carlos-bolsonaro\/","title":{"rendered":"Seif nega &#8220;oportunismo&#8221; de Carlos Bolsonaro"},"content":{"rendered":"<p> <br \/>\n<\/p>\n<div id=\"tp-post-content\">\n<p class=\"postParagraph_post-paragraph__juWZN postParagraph_post-paragraph-innerHtml__Q5vwc\">O senador Jorge Seif (PL-SC) defendeu a candidatura de Carlos Bolsonaro (PL), filho do ex-presidente Jair Bolsonaro, ao Senado por Santa Catarina. Em entrevista ao programa <strong>Sem Rodeios<\/strong>, da <strong>Gazeta do Povo<\/strong>, ele negou \u201coportunismo\u201d por parte de Carlos, que renunciou ao s\u00e9timo mandato de vereador no Rio de Janeiro para migrar para a pol\u00edtica catarinense.<\/p>\n<p class=\"postParagraph_post-paragraph__juWZN postParagraph_post-paragraph-innerHtml__Q5vwc\">\u201cDiferente do que as pessoas falam \u2014 e aqui eu vou contestar porque conhe\u00e7o essa hist\u00f3ria h\u00e1 muito tempo \u2014 o Carlos j\u00e1 tinha um profundo desejo de morar em Santa Catarina\u201d, afirma Seif. A pr\u00e9-candidatura do filho de Bolsonaro motivou cr\u00edticas de pol\u00edticos catarinenses e dividiu a direita no estado.<\/p>\n<p class=\"postParagraph_post-paragraph__juWZN postParagraph_post-paragraph-innerHtml__Q5vwc\">\u201cO Carlos frequenta Santa Catarina h\u00e1 muitos anos; quem conhece se apaixona. Essa conversa de alguns amigos da imprensa de que ele vai por oportunismo ou medo n\u00e3o \u00e9 verdade. Ele poderia se eleger pelo Rio e morar em Santa Catarina, por exemplo, mas teve a motiva\u00e7\u00e3o de se instalar e concorrer por l\u00e1, o que \u00e9 natural\u00edssimo.\u201d, diz o senador, citando os exemplos de Tarc\u00edsio de Freitas e Dilma Rousseff, que foram eleitos ap\u00f3s migrar de estado.<\/p>\n<div class=\"postVideo_post-video-container__gWYCb\">\n<p><iframe title=\"CPI barrada em meio a esc\u00e2ndalo que cresce nos bastidores - SEM RODEIOS\" width=\"800\" height=\"450\" src=\"https:\/\/www.youtube.com\/embed\/a8IhoMMyVIQ?feature=oembed\" frameborder=\"0\" allow=\"accelerometer; autoplay; clipboard-write; encrypted-media; gyroscope; picture-in-picture; web-share\" referrerpolicy=\"strict-origin-when-cross-origin\" allowfullscreen><\/iframe><\/p>\n<\/div>\n<h2 class=\"postParagraph_post-paragraph__juWZN postParagraph_post-paragraph-innerHtml__Q5vwc postParagraph_type-tag-h2__TtFkT\">Senador critica encerramento da CPI do Crime Organizado<\/h2>\n<p class=\"postParagraph_post-paragraph__juWZN postParagraph_post-paragraph-innerHtml__Q5vwc\">Durante a entrevista, Jorge Seif criticou a decis\u00e3o do presidente do Senado, Davi Alcolumbre (Uni\u00e3o-AP), de barrar a prorroga\u00e7\u00e3o da CPI do Crime Organizado. \u201cUma das fun\u00e7\u00f5es dos parlamentares \u00e9 investigar. A popula\u00e7\u00e3o estava acompanhando de perto, especialmente a CPMI do INSS, que trazia informa\u00e7\u00f5es important\u00edssimas, apesar da sabotagem de votos da esquerda para n\u00e3o aprovar o relat\u00f3rio final\u201d, disse.<\/p>\n<p class=\"postParagraph_post-paragraph__juWZN postParagraph_post-paragraph-innerHtml__Q5vwc\">\u201cAquilo [a investiga\u00e7\u00e3o da CPMI] estava elucidando quem roubou os velhinhos, as teias envolvendo o irm\u00e3o do Lula recebendo mesada, ministras do Lula presas&#8230; sabemos que quem escancarou as portas para esses conv\u00eanios que roubaram aposentados foi o governo Lula. \u00c9 lament\u00e1vel que n\u00e3o teve continuidade. Critiquei o Davi publicamente porque acho que era um grande servi\u00e7o para o Brasil\u201d.<\/p>\n<h2 class=\"postParagraph_post-paragraph__juWZN postParagraph_post-paragraph-innerHtml__Q5vwc postParagraph_type-tag-h2__TtFkT\">Caso Master: &#8220;teremos consequ\u00eancias para todos&#8221;<\/h2>\n<p class=\"postParagraph_post-paragraph__juWZN postParagraph_post-paragraph-innerHtml__Q5vwc\">Ao comentar as den\u00fancias envolvendo o Banco Master, Seif chamou a aten\u00e7\u00e3o para a influ\u00eancia que Daniel Vorcaro exercia sobre os tr\u00eas poderes, criando uma teia de relacionamentos com diversas autoridades. \u201cO que n\u00f3s torcemos \u2014 e eu acredito nas institui\u00e7\u00f5es, na Pol\u00edcia Federal e no Minist\u00e9rio P\u00fablico \u2014 \u00e9 que tenhamos consequ\u00eancias. S\u00e3o n\u00fameros que nos chocam devido ao rombo, mas acredito que, especialmente ap\u00f3s a dela\u00e7\u00e3o, teremos consequ\u00eancias para todos. Essa \u00e9 a minha f\u00e9 e esperan\u00e7a, porque \u00e9 o que o Brasil espera de n\u00f3s\u201d, conclui.<\/p>\n<p class=\"postParagraph_post-paragraph__juWZN postParagraph_post-paragraph-innerHtml__Q5vwc\">O programa <strong>Sem Rodeios<\/strong> \u00e9 exibido de segunda a sexta, a partir das 13h30, no canal da <strong>Gazeta do Povo<\/strong> no YouTube.<\/p>\n<\/div>\n<p><br \/>\n<br \/>Fonte: <a href=\"https:\/\/www.gazetadopovo.com.br\/republica\/seif-nega-oportunismo-carlos-bolsonaro\/\">Revista Oeste<\/a><\/p>\n","protected":false},"excerpt":{"rendered":"<p>O senador Jorge Seif (PL-SC) defendeu a candidatura de Carlos Bolsonaro (PL), filho do ex-presidente Jair Bolsonaro, ao Senado por Santa Catarina. Em entrevista ao programa Sem Rodeios, da Gazeta do Povo, ele negou \u201coportunismo\u201d por parte de Carlos, que renunciou ao s\u00e9timo mandato de vereador no Rio de Janeiro para migrar para a pol\u00edtica [&hellip;]<\/p>\n","protected":false},"author":5,"featured_media":72310,"comment_status":"open","ping_status":"open","sticky":false,"template":"","format":"standard","meta":{"_seopress_robots_primary_cat":"","_seopress_titles_title":"","_seopress_titles_desc":"","_seopress_robots_index":"","footnotes":""},"categories":[1],"tags":[],"class_list":["post-72309","post","type-post","status-publish","format-standard","has-post-thumbnail","hentry","category-ultimas-noticias"],"_links":{"self":[{"href":"https:\/\/mussicom.com\/noticias\/wp-json\/wp\/v2\/posts\/72309","targetHints":{"allow":["GET"]}}],"collection":[{"href":"https:\/\/mussicom.com\/noticias\/wp-json\/wp\/v2\/posts"}],"about":[{"href":"https:\/\/mussicom.com\/noticias\/wp-json\/wp\/v2\/types\/post"}],"author":[{"embeddable":true,"href":"https:\/\/mussicom.com\/noticias\/wp-json\/wp\/v2\/users\/5"}],"replies":[{"embeddable":true,"href":"https:\/\/mussicom.com\/noticias\/wp-json\/wp\/v2\/comments?post=72309"}],"version-history":[{"count":0,"href":"https:\/\/mussicom.com\/noticias\/wp-json\/wp\/v2\/posts\/72309\/revisions"}],"wp:featuredmedia":[{"embeddable":true,"href":"https:\/\/mussicom.com\/noticias\/wp-json\/wp\/v2\/media\/72310"}],"wp:attachment":[{"href":"https:\/\/mussicom.com\/noticias\/wp-json\/wp\/v2\/media?parent=72309"}],"wp:term":[{"taxonomy":"category","embeddable":true,"href":"https:\/\/mussicom.com\/noticias\/wp-json\/wp\/v2\/categories?post=72309"},{"taxonomy":"post_tag","embeddable":true,"href":"https:\/\/mussicom.com\/noticias\/wp-json\/wp\/v2\/tags?post=72309"}],"curies":[{"name":"wp","href":"https:\/\/api.w.org\/{rel}","templated":true}]}}