{"id":72227,"date":"2026-04-10T02:11:26","date_gmt":"2026-04-10T05:11:26","guid":{"rendered":"https:\/\/mussicom.com\/livro-comemorativo-dos-480-anos-de-santos-esta-disponivel-no-formato-digital\/"},"modified":"2026-04-10T02:11:26","modified_gmt":"2026-04-10T05:11:26","slug":"livro-comemorativo-dos-480-anos-de-santos-esta-disponivel-no-formato-digital","status":"publish","type":"post","link":"https:\/\/mussicom.com\/noticias\/livro-comemorativo-dos-480-anos-de-santos-esta-disponivel-no-formato-digital\/","title":{"rendered":"Livro comemorativo dos 480 anos de Santos est\u00e1 dispon\u00edvel no formato digital"},"content":{"rendered":"<p> <br \/>\n<\/p>\n<div id=\"texto\">\n<p>O livro comemorativo Santos 480 anos &#8211; Mem\u00f3rias de uma Cidade em evolu\u00e7\u00e3o, organizado pela Funda\u00e7\u00e3o Arquivo e Mem\u00f3ria de Santos (Fams), j\u00e1 est\u00e1 dispon\u00edvel para acesso gratuito no hotsite alusivo \u00e0 data no portal da Prefeitura de Santos. Para ler, acesse https:\/\/www.santos.sp.gov.br\/livro480anos.<\/p>\n<p>\u00a0<\/p>\n<p>Lan\u00e7ada em janeiro, durante a programa\u00e7\u00e3o do anivers\u00e1rio de Santos, a obra traz aspectos hist\u00f3ricos, a cultura, os s\u00edmbolos e as transforma\u00e7\u00f5es da Cidade ao longo deste per\u00edodo.<\/p>\n<p>\u00a0<\/p>\n<p>As fotos hist\u00f3ricas do acervo da Fams e as imagens atuais do arquivo da Secretaria de Comunica\u00e7\u00e3o e Economia Criativa (Secom) est\u00e3o entre os destaques do livro com 156 p\u00e1ginas.<\/p>\n<p>\u00a0<\/p>\n<p>&#8220;\u00c9 mais uma oportunidade de o cidad\u00e3o santista entrar em contato com a sua pr\u00f3pria hist\u00f3ria e entender o papel de protagonismo da sua Cidade no Brasil e como \u00e9 importante valorizar e preservar toda essa mem\u00f3ria para as pr\u00f3ximas gera\u00e7\u00f5es&#8221;, explicou o presidente da Fams, Leonardo Barbosa Delfino.<\/p>\n<p>\u00a0<\/p>\n<p>Saiba tudo sobre os 480 anos de Santos aqui (https:\/\/www.santos.sp.gov.br\/portal\/santos-480-anos)<\/p>\n<\/p><\/div>\n<p><script async defer crossorigin=\"anonymous\" src=\"https:\/\/connect.facebook.net\/pt_BR\/sdk.js#xfbml=1&#038;version=v12.0&#038;appId=&#038;autoLogAppEvents=1\" nonce=\"ou0fI1lo\"><\/script><br \/>\n<br \/><br \/>\n<br \/>Fonte: <a href=\"https:\/\/www.bs9.com.br\/litoral\/livro-comemorativo-dos-480-anos-de-santos-esta-disponivel-no-formato\/38781\/\">BS9<\/a><\/p>\n","protected":false},"excerpt":{"rendered":"<p>O livro comemorativo Santos 480 anos &#8211; Mem\u00f3rias de uma Cidade em evolu\u00e7\u00e3o, organizado pela Funda\u00e7\u00e3o Arquivo e Mem\u00f3ria de Santos (Fams), j\u00e1 est\u00e1 dispon\u00edvel para acesso gratuito no hotsite alusivo \u00e0 data no portal da Prefeitura de Santos. Para ler, acesse https:\/\/www.santos.sp.gov.br\/livro480anos. \u00a0 Lan\u00e7ada em janeiro, durante a programa\u00e7\u00e3o do anivers\u00e1rio de Santos, a [&hellip;]<\/p>\n","protected":false},"author":5,"featured_media":72228,"comment_status":"open","ping_status":"open","sticky":false,"template":"","format":"standard","meta":{"_seopress_robots_primary_cat":"","_seopress_titles_title":"","_seopress_titles_desc":"","_seopress_robots_index":"","footnotes":""},"categories":[52],"tags":[],"class_list":["post-72227","post","type-post","status-publish","format-standard","has-post-thumbnail","hentry","category-santoseregiao"],"_links":{"self":[{"href":"https:\/\/mussicom.com\/noticias\/wp-json\/wp\/v2\/posts\/72227","targetHints":{"allow":["GET"]}}],"collection":[{"href":"https:\/\/mussicom.com\/noticias\/wp-json\/wp\/v2\/posts"}],"about":[{"href":"https:\/\/mussicom.com\/noticias\/wp-json\/wp\/v2\/types\/post"}],"author":[{"embeddable":true,"href":"https:\/\/mussicom.com\/noticias\/wp-json\/wp\/v2\/users\/5"}],"replies":[{"embeddable":true,"href":"https:\/\/mussicom.com\/noticias\/wp-json\/wp\/v2\/comments?post=72227"}],"version-history":[{"count":0,"href":"https:\/\/mussicom.com\/noticias\/wp-json\/wp\/v2\/posts\/72227\/revisions"}],"wp:featuredmedia":[{"embeddable":true,"href":"https:\/\/mussicom.com\/noticias\/wp-json\/wp\/v2\/media\/72228"}],"wp:attachment":[{"href":"https:\/\/mussicom.com\/noticias\/wp-json\/wp\/v2\/media?parent=72227"}],"wp:term":[{"taxonomy":"category","embeddable":true,"href":"https:\/\/mussicom.com\/noticias\/wp-json\/wp\/v2\/categories?post=72227"},{"taxonomy":"post_tag","embeddable":true,"href":"https:\/\/mussicom.com\/noticias\/wp-json\/wp\/v2\/tags?post=72227"}],"curies":[{"name":"wp","href":"https:\/\/api.w.org\/{rel}","templated":true}]}}