{"id":72048,"date":"2026-04-09T09:51:26","date_gmt":"2026-04-09T12:51:26","guid":{"rendered":"https:\/\/mussicom.com\/o-processo-jornal-da-orla\/"},"modified":"2026-04-09T09:51:26","modified_gmt":"2026-04-09T12:51:26","slug":"o-processo-jornal-da-orla","status":"publish","type":"post","link":"https:\/\/mussicom.com\/noticias\/o-processo-jornal-da-orla\/","title":{"rendered":"O processo &#8211; Jornal da Orla"},"content":{"rendered":"<p> <br \/>\n<\/p>\n<div>\n<p>Esse \u00e9 o t\u00edtulo da mais relevante obra de Franz Kafka, originalmente publicada em 1925. Seu protagonista, Joseph K., \u00e9 processado sem saber qual o crime cometido. Trata-se de uma leitura angustiante, que causa revolta pelo que a burocracia e o autoritarismo podem causar \u00e0 vida de pessoas.<\/p>\n<p>Kafka faleceu antes de concluir o livro. Quem o fez foi seu amigo, Max Brod, que desobedeceu \u00e0 ordem para queimar todos os seus manuscritos n\u00e3o publicados, O Processo, inclusive.<\/p>\n<p>Brod concluiu o texto, sendo percept\u00edvel a diferen\u00e7a de estilo e narrativa, e a conclus\u00e3o meio absurda, que at\u00e9 faz algum sentido.<\/p>\n<p>De fato, o processo tende a ser mais importante do que o crime, considerando os arcabou\u00e7os legais de alguns pa\u00edses, por mais evidente e grave que seja. Em outros, ele \u00e9 sum\u00e1rio, nem sempre justo.<\/p>\n<p>Infelizmente, n\u00e3o faltam exemplos de criminosos que se beneficiam de falhas processuais para serem habilmente livrados pelos que melhor conhecem os meandros das leis, e pelos que julgam mecanicamente, inconsequentemente e demoradamente, sem questionar ou propor altera\u00e7\u00f5es legais, para que haja efetiva justi\u00e7a. Algoritmos de IA talvez fizessem isso de forma mais objetiva e c\u00e9lere. Ao que consta, j\u00e1 h\u00e1 experi\u00eancias nesse \u00e2mbito.<\/p>\n<p>Tudo, inclusive o Estatuto da Crian\u00e7a e do Adolescente, tem sido utilizado mais para proteger criminosos, n\u00e3o importa a idade, do que a quem se pretendia efetivamente proteger ou penalizar.<\/p>\n<p>Muito em fun\u00e7\u00e3o disso, o Brasil tem sido considerado um dos pa\u00edses mais corruptos do mundo.<\/p>\n<p>Os desdobramentos da \u201cOpera\u00e7\u00e3o Lava-Jato\u201d, do \u201cMensal\u00e3o\u201d, do \u201cPetrol\u00e3o\u201d, da malversa\u00e7\u00e3o do er\u00e1rio e de outros crimes grav\u00edssimos; a forma como tentam barrar as investiga\u00e7\u00f5es sobre o assalto a aposentados e pensionistas do INSS, e o caso do Banco Master denotam que h\u00e1 pessoas nos tr\u00eas poderes que est\u00e3o pouco ou nada preocupadas com os reais interesses da maioria absoluta dos brasileiros, o que enfraquece e compromete a democracia.<\/p>\n<p>A impress\u00e3o \u00e9 que, em vez de julgar crimes que afetam milh\u00f5es de pessoas e punir exemplarmente seus autores, quem n\u00e3o quer que as investiga\u00e7\u00f5es evoluam prefere atacar quem investiga e acusa.<\/p>\n<p>Tal contexto revela um horizonte sombrio, kafkaniano, de inseguran\u00e7a jur\u00eddica e impunidade, em que criminosos se transformam em v\u00edtimas e as verdadeiras v\u00edtimas pagam a conta, \u00e0s vezes com a pr\u00f3pria liberdade, sanidade ou vida.<\/p>\n<p>O Brasil tamb\u00e9m corre o risco de se tornar uma cleptocracia ou dom\u00ednio do crime organizado, ambos \u201cinstitucionalizados\u201d?<\/p>\n<p>Quem acredita que o que aqui se faz, aqui se paga, e que a justi\u00e7a tarda, mas n\u00e3o falha, est\u00e1 tendo sua f\u00e9 sistematicamente abalada pelos fatos. E quem pratica os crimes parece ignorar a justi\u00e7a divina, respaldado pelas leis seculares.<\/p>\n<p>Para o bem do pa\u00eds, o ideal \u00e9 que a mudan\u00e7a parta de dentro, e n\u00e3o de revolu\u00e7\u00f5es ou golpes.<\/p>\n<p>Quem estar\u00e1 disposto a enfrentar esse desafio, tantos s\u00e3o os riscos envolvidos no processo?<\/p>\n<\/div>\n<p><br \/>\n<br \/>Fonte: <a href=\"https:\/\/jornaldaorla.com.br\/noticias\/o-processo\/\">Jornal Da Orla<\/a><\/p>\n","protected":false},"excerpt":{"rendered":"<p>Esse \u00e9 o t\u00edtulo da mais relevante obra de Franz Kafka, originalmente publicada em 1925. Seu protagonista, Joseph K., \u00e9 processado sem saber qual o crime cometido. Trata-se de uma leitura angustiante, que causa revolta pelo que a burocracia e o autoritarismo podem causar \u00e0 vida de pessoas. Kafka faleceu antes de concluir o livro. [&hellip;]<\/p>\n","protected":false},"author":5,"featured_media":72049,"comment_status":"open","ping_status":"open","sticky":false,"template":"","format":"standard","meta":{"_seopress_robots_primary_cat":"","_seopress_titles_title":"","_seopress_titles_desc":"","_seopress_robots_index":"","footnotes":""},"categories":[52],"tags":[],"class_list":["post-72048","post","type-post","status-publish","format-standard","has-post-thumbnail","hentry","category-santoseregiao"],"_links":{"self":[{"href":"https:\/\/mussicom.com\/noticias\/wp-json\/wp\/v2\/posts\/72048","targetHints":{"allow":["GET"]}}],"collection":[{"href":"https:\/\/mussicom.com\/noticias\/wp-json\/wp\/v2\/posts"}],"about":[{"href":"https:\/\/mussicom.com\/noticias\/wp-json\/wp\/v2\/types\/post"}],"author":[{"embeddable":true,"href":"https:\/\/mussicom.com\/noticias\/wp-json\/wp\/v2\/users\/5"}],"replies":[{"embeddable":true,"href":"https:\/\/mussicom.com\/noticias\/wp-json\/wp\/v2\/comments?post=72048"}],"version-history":[{"count":0,"href":"https:\/\/mussicom.com\/noticias\/wp-json\/wp\/v2\/posts\/72048\/revisions"}],"wp:featuredmedia":[{"embeddable":true,"href":"https:\/\/mussicom.com\/noticias\/wp-json\/wp\/v2\/media\/72049"}],"wp:attachment":[{"href":"https:\/\/mussicom.com\/noticias\/wp-json\/wp\/v2\/media?parent=72048"}],"wp:term":[{"taxonomy":"category","embeddable":true,"href":"https:\/\/mussicom.com\/noticias\/wp-json\/wp\/v2\/categories?post=72048"},{"taxonomy":"post_tag","embeddable":true,"href":"https:\/\/mussicom.com\/noticias\/wp-json\/wp\/v2\/tags?post=72048"}],"curies":[{"name":"wp","href":"https:\/\/api.w.org\/{rel}","templated":true}]}}