{"id":72041,"date":"2026-04-09T08:59:24","date_gmt":"2026-04-09T11:59:24","guid":{"rendered":"https:\/\/mussicom.com\/camara-aprova-em-1o-turno-investimento-minimo-de-1-em-assistencia-social\/"},"modified":"2026-04-09T08:59:24","modified_gmt":"2026-04-09T11:59:24","slug":"camara-aprova-em-1o-turno-investimento-minimo-de-1-em-assistencia-social","status":"publish","type":"post","link":"https:\/\/mussicom.com\/noticias\/camara-aprova-em-1o-turno-investimento-minimo-de-1-em-assistencia-social\/","title":{"rendered":"C\u00e2mara aprova em 1\u00ba turno investimento m\u00ednimo de 1% em assist\u00eancia social"},"content":{"rendered":"<p> <br \/>\n<\/p>\n<div id=\"tp-post-content\">\n<p class=\"postParagraph_post-paragraph__juWZN postParagraph_post-paragraph-innerHtml__Q5vwc\">Nos moldes do que j\u00e1 \u00e9 previsto para Sa\u00fade e Educa\u00e7\u00e3o, a C\u00e2mara dos Deputados aprovou em primeiro turno, nesta quarta-feira (8), uma proposta de emenda \u00e0 Constitui\u00e7\u00e3o (PEC) que obriga a Uni\u00e3o, os estados, os munic\u00edpios e o Distrito Federal a investirem pelo menos 1% da arrecada\u00e7\u00e3o prevista no Sistema \u00danico de Assist\u00eancia Social (Suas).<\/p>\n<p class=\"postParagraph_post-paragraph__juWZN postParagraph_post-paragraph-innerHtml__Q5vwc\">Foram 464 votos favor\u00e1veis e 16 votos contr\u00e1rios, com orienta\u00e7\u00e3o contr\u00e1ria do Novo e do Miss\u00e3o e voto liberado pela oposi\u00e7\u00e3o. O presidente do Conselho de \u00c9tica da C\u00e2mara, Fabio Schinochet (Uni\u00e3o-SC) e o economista Pedro Paulo (PSD-RJ) resolveram contrariar a orienta\u00e7\u00e3o de suas legendas e tamb\u00e9m votaram contra.<\/p>\n<p class=\"postParagraph_post-paragraph__juWZN postParagraph_post-paragraph-innerHtml__Q5vwc\">No PL, houve votos em ambos os sentidos: enquanto parlamentares como Bia Kicis (DF), J\u00falia Zanatta (SC) e Gustavo Gayer (GO) votaram contra, os deputados H\u00e9lio Lopes (RJ), Nikolas Ferreira (MG) e Filipe Barros (PR) se posicionaram favoravelmente.<\/p>\n<p class=\"postParagraph_post-paragraph__juWZN postParagraph_post-paragraph-innerHtml__Q5vwc\">Agora, falta a aprova\u00e7\u00e3o em segundo turno. Em nome do governo, o deputado federal Jos\u00e9 Guimar\u00e3es (PT-CE) sugeriu que a vota\u00e7\u00e3o ocorra na pr\u00f3xima quarta-feira (16), para que haja tempo para buscar o espa\u00e7o fiscal necess\u00e1rio \u00e0 acomoda\u00e7\u00e3o da nova regra.<\/p>\n<div class=\"postViewMore_post-view-more-container___5wai\" data-mrf-recirculation=\"Post - Veja tamb\u00e9m\">\n<p class=\"gp-styles-module-size-small-afeYRa gp-styles-module-font-family2-afeYRa gp-styles-module-color-secondary-afeYRa gp-styles-module-weight-bold-afeYRa\">VEJA TAMB\u00c9M:<\/p>\n<ul class=\"postViewMore_post-view-more-list__CU_CE\">\n<li class=\"postViewMore_post-view-more-item__2MzRb\"><span class=\"postViewMore_post-view-more-link-icon___stPC\"><svg xmlns=\"http:\/\/www.w3.org\/2000\/svg\" width=\"16\" height=\"16\" viewbox=\"0 0 16 16\"><rect width=\"16\" height=\"16\" fill=\"none\"\/><g transform=\"translate(3 3)\"><path d=\"M22.5,15l3.4,3.4-3.4,3.4\" transform=\"translate(-15.896 -11.793)\" fill=\"none\" stroke=\"#717171\" stroke-linecap=\"round\" stroke-width=\"1.4\"\/><path d=\"M6,6v4.2a2.452,2.452,0,0,0,2.5,2.4H16\" transform=\"translate(-6 -6)\" fill=\"none\" stroke=\"#717171\" stroke-linecap=\"round\" stroke-width=\"1.4\"\/><\/g><\/svg><\/span><span class=\"postViewMore_post-view-more-link-text__hO_kM\">Pacote de subs\u00eddios aos combust\u00edveis custar\u00e1 R$ 31 bilh\u00f5es; saiba de onde vir\u00e1 o dinheiro<\/span><\/li>\n<li class=\"postViewMore_post-view-more-item__2MzRb\"><span class=\"postViewMore_post-view-more-link-icon___stPC\"><svg xmlns=\"http:\/\/www.w3.org\/2000\/svg\" width=\"16\" height=\"16\" viewbox=\"0 0 16 16\"><rect width=\"16\" height=\"16\" fill=\"none\"\/><g transform=\"translate(3 3)\"><path d=\"M22.5,15l3.4,3.4-3.4,3.4\" transform=\"translate(-15.896 -11.793)\" fill=\"none\" stroke=\"#717171\" stroke-linecap=\"round\" stroke-width=\"1.4\"\/><path d=\"M6,6v4.2a2.452,2.452,0,0,0,2.5,2.4H16\" transform=\"translate(-6 -6)\" fill=\"none\" stroke=\"#717171\" stroke-linecap=\"round\" stroke-width=\"1.4\"\/><\/g><\/svg><\/span><span class=\"postViewMore_post-view-more-link-text__hO_kM\">Acordo de R$ 4 bilh\u00f5es entre Uni\u00e3o e estados tenta frear alta do pre\u00e7o do diesel<\/span><\/li>\n<\/ul>\n<\/div>\n<h2 class=\"postParagraph_post-paragraph__juWZN postParagraph_post-paragraph-innerHtml__Q5vwc postParagraph_type-tag-h2__TtFkT\">PEC prev\u00ea regra de transi\u00e7\u00e3o<\/h2>\n<div class=\"postImage_post-content-image__2CJdu\"><picture class=\"imageDefault_image-container__XGd8_\"><source type=\"image\/webp\" srcset=\"https:\/\/media.gazetadopovo.com.br\/2026\/04\/09082043\/51415257653_98961496b2_k-1280x720.jpg.webp 1280w, https:\/\/media.gazetadopovo.com.br\/2026\/04\/09082043\/51415257653_98961496b2_k-960x540.jpg.webp 960w, https:\/\/media.gazetadopovo.com.br\/2026\/04\/09082043\/51415257653_98961496b2_k-660x372.jpg.webp 660w, https:\/\/media.gazetadopovo.com.br\/2026\/04\/09082043\/51415257653_98961496b2_k-540x360.jpg.webp 540w, https:\/\/media.gazetadopovo.com.br\/2026\/04\/09082043\/51415257653_98961496b2_k-380x214.jpg.webp 380w, https:\/\/media.gazetadopovo.com.br\/2026\/04\/09082043\/51415257653_98961496b2_k-720x720.jpg.webp 720w, https:\/\/media.gazetadopovo.com.br\/2026\/04\/09082043\/51415257653_98961496b2_k-540x540.jpg.webp 540w, https:\/\/media.gazetadopovo.com.br\/2026\/04\/09082043\/51415257653_98961496b2_k-372x372.jpg.webp 372w, https:\/\/media.gazetadopovo.com.br\/2026\/04\/09082043\/51415257653_98961496b2_k-214x214.jpg.webp 214w, https:\/\/media.gazetadopovo.com.br\/2026\/04\/09082043\/51415257653_98961496b2_k.jpg.webp 1920w\" sizes=\"(max-width: 767px) 328px, 638px\"\/><source type=\"image\/jpeg\" srcset=\"https:\/\/media.gazetadopovo.com.br\/2026\/04\/09082043\/51415257653_98961496b2_k-1280x720.jpg.webp 1280w, https:\/\/media.gazetadopovo.com.br\/2026\/04\/09082043\/51415257653_98961496b2_k-960x540.jpg.webp 960w, https:\/\/media.gazetadopovo.com.br\/2026\/04\/09082043\/51415257653_98961496b2_k-660x372.jpg.webp 660w, https:\/\/media.gazetadopovo.com.br\/2026\/04\/09082043\/51415257653_98961496b2_k-540x360.jpg.webp 540w, https:\/\/media.gazetadopovo.com.br\/2026\/04\/09082043\/51415257653_98961496b2_k-380x214.jpg.webp 380w, https:\/\/media.gazetadopovo.com.br\/2026\/04\/09082043\/51415257653_98961496b2_k-720x720.jpg.webp 720w, https:\/\/media.gazetadopovo.com.br\/2026\/04\/09082043\/51415257653_98961496b2_k-540x540.jpg.webp 540w, https:\/\/media.gazetadopovo.com.br\/2026\/04\/09082043\/51415257653_98961496b2_k-372x372.jpg.webp 372w, https:\/\/media.gazetadopovo.com.br\/2026\/04\/09082043\/51415257653_98961496b2_k-214x214.jpg.webp 214w, https:\/\/media.gazetadopovo.com.br\/2026\/04\/09082043\/51415257653_98961496b2_k.jpg.webp 1920w\" sizes=\"(max-width: 767px) 328px, 638px\"\/><\/picture><i class=\"postImage_post-image-caption__yoE82\">Dinheiro do Suas financia centros de assist\u00eancia social e a gest\u00e3o de benef\u00edcios assistenciais.  <!-- --> <!-- -->(Foto: Jean Victor\/Prefeitura de Cama\u00e7ari)<\/i><\/div>\n<p class=\"postParagraph_post-paragraph__juWZN postParagraph_post-paragraph-innerHtml__Q5vwc\">A obrigatoriedade ocorreria de forma gradual: 0,3% no primeiro ano, 0,5% no segundo, 0,75% no terceiro e, por fim 1% no quarto e \u00faltimo ano da transi\u00e7\u00e3o. Ao fim desse processo, a Uni\u00e3o dever\u00e1 ver um impacto de R$ 36 bilh\u00f5es em seu or\u00e7amento.<\/p>\n<p class=\"postParagraph_post-paragraph__juWZN postParagraph_post-paragraph-innerHtml__Q5vwc\">De acordo com o relator do texto no plen\u00e1rio, Danilo Cabral (PSB-PE), hoje os governos podem cortar inclusive todos os investimentos em assist\u00eancia social, o que prejudicaria concursos, conselhos e secretarias que foram institu\u00eddos ao longo dos \u00faltimos anos.<\/p>\n<p class=\"postParagraph_post-paragraph__juWZN postParagraph_post-paragraph-innerHtml__Q5vwc\">Para Kim Kataguiri (Miss\u00e3o-SP), a regra tira espa\u00e7o para governabilidade. &#8220;Se o Parlamento colocar na Constitui\u00e7\u00e3o a porcentagem que presidente, governador e prefeito precisam gastar em cada \u00e1rea, a gente n\u00e3o precisa de presidente, governador e prefeito&#8221;, opina.<\/p>\n<p class=\"postParagraph_post-paragraph__juWZN postParagraph_post-paragraph-innerHtml__Q5vwc\">No or\u00e7amento anual, o governo federal deve reservar pelo menos 18% da receita para investimentos em educa\u00e7\u00e3o e ao menos 15% para a sa\u00fade. Estados, Distrito Federal e munic\u00edpios tamb\u00e9m entram na regra, o que torna as duas pastas as mais poderosas em todas as esferas, atraindo o interesse dos partidos.<\/p>\n<\/div>\n<p><br \/>\n<br \/>Fonte: <a href=\"https:\/\/www.gazetadopovo.com.br\/republica\/camara-aprova-em-1-turno-investimento-minimo-de-1-em-assistencia-social\/\">Revista Oeste<\/a><\/p>\n","protected":false},"excerpt":{"rendered":"<p>Nos moldes do que j\u00e1 \u00e9 previsto para Sa\u00fade e Educa\u00e7\u00e3o, a C\u00e2mara dos Deputados aprovou em primeiro turno, nesta quarta-feira (8), uma proposta de emenda \u00e0 Constitui\u00e7\u00e3o (PEC) que obriga a Uni\u00e3o, os estados, os munic\u00edpios e o Distrito Federal a investirem pelo menos 1% da arrecada\u00e7\u00e3o prevista no Sistema \u00danico de Assist\u00eancia Social [&hellip;]<\/p>\n","protected":false},"author":5,"featured_media":72042,"comment_status":"open","ping_status":"open","sticky":false,"template":"","format":"standard","meta":{"_seopress_robots_primary_cat":"","_seopress_titles_title":"","_seopress_titles_desc":"","_seopress_robots_index":"","footnotes":""},"categories":[1],"tags":[],"class_list":["post-72041","post","type-post","status-publish","format-standard","has-post-thumbnail","hentry","category-ultimas-noticias"],"_links":{"self":[{"href":"https:\/\/mussicom.com\/noticias\/wp-json\/wp\/v2\/posts\/72041","targetHints":{"allow":["GET"]}}],"collection":[{"href":"https:\/\/mussicom.com\/noticias\/wp-json\/wp\/v2\/posts"}],"about":[{"href":"https:\/\/mussicom.com\/noticias\/wp-json\/wp\/v2\/types\/post"}],"author":[{"embeddable":true,"href":"https:\/\/mussicom.com\/noticias\/wp-json\/wp\/v2\/users\/5"}],"replies":[{"embeddable":true,"href":"https:\/\/mussicom.com\/noticias\/wp-json\/wp\/v2\/comments?post=72041"}],"version-history":[{"count":0,"href":"https:\/\/mussicom.com\/noticias\/wp-json\/wp\/v2\/posts\/72041\/revisions"}],"wp:featuredmedia":[{"embeddable":true,"href":"https:\/\/mussicom.com\/noticias\/wp-json\/wp\/v2\/media\/72042"}],"wp:attachment":[{"href":"https:\/\/mussicom.com\/noticias\/wp-json\/wp\/v2\/media?parent=72041"}],"wp:term":[{"taxonomy":"category","embeddable":true,"href":"https:\/\/mussicom.com\/noticias\/wp-json\/wp\/v2\/categories?post=72041"},{"taxonomy":"post_tag","embeddable":true,"href":"https:\/\/mussicom.com\/noticias\/wp-json\/wp\/v2\/tags?post=72041"}],"curies":[{"name":"wp","href":"https:\/\/api.w.org\/{rel}","templated":true}]}}