{"id":72003,"date":"2026-04-09T03:43:04","date_gmt":"2026-04-09T06:43:04","guid":{"rendered":"https:\/\/mussicom.com\/brazao-assume-a-responsabilidade-por-derrota-do-santos-culpa-toda-minha\/"},"modified":"2026-04-09T03:43:04","modified_gmt":"2026-04-09T06:43:04","slug":"brazao-assume-a-responsabilidade-por-derrota-do-santos-culpa-toda-minha","status":"publish","type":"post","link":"https:\/\/mussicom.com\/noticias\/brazao-assume-a-responsabilidade-por-derrota-do-santos-culpa-toda-minha\/","title":{"rendered":"Braz\u00e3o assume a responsabilidade por derrota do Santos: \u201cCulpa toda minha\u201d"},"content":{"rendered":"<p> <br \/>\n<\/p>\n<div id=\"post-181988\">\n<div class=\"post-content\">\n<div id=\"attachment_174952\" style=\"width: 680px\" class=\"wp-caption aligncenter\"><img alt=\"\" fetchpriority=\"high\" fetchpriority=\"high\" decoding=\"async\" aria-describedby=\"caption-attachment-174952\" class=\"wp-image-174952\" src=\"https:\/\/www.diariodopeixe.com.br\/wp-content\/uploads\/2025\/10\/54869205748_0e74b52ce3_o-240x300.jpg\" alt=\"\" width=\"670\" height=\"838\" srcset=\"https:\/\/www.diariodopeixe.com.br\/wp-content\/uploads\/2025\/10\/54869205748_0e74b52ce3_o-200x250.jpg 200w, https:\/\/www.diariodopeixe.com.br\/wp-content\/uploads\/2025\/10\/54869205748_0e74b52ce3_o-240x300.jpg 240w, https:\/\/www.diariodopeixe.com.br\/wp-content\/uploads\/2025\/10\/54869205748_0e74b52ce3_o-400x500.jpg 400w, https:\/\/www.diariodopeixe.com.br\/wp-content\/uploads\/2025\/10\/54869205748_0e74b52ce3_o-600x750.jpg 600w, https:\/\/www.diariodopeixe.com.br\/wp-content\/uploads\/2025\/10\/54869205748_0e74b52ce3_o-768x960.jpg 768w, https:\/\/www.diariodopeixe.com.br\/wp-content\/uploads\/2025\/10\/54869205748_0e74b52ce3_o-800x1000.jpg 800w, https:\/\/www.diariodopeixe.com.br\/wp-content\/uploads\/2025\/10\/54869205748_0e74b52ce3_o-819x1024.jpg 819w, https:\/\/www.diariodopeixe.com.br\/wp-content\/uploads\/2025\/10\/54869205748_0e74b52ce3_o-1200x1500.jpg 1200w, https:\/\/www.diariodopeixe.com.br\/wp-content\/uploads\/2025\/10\/54869205748_0e74b52ce3_o-1229x1536.jpg 1229w, https:\/\/www.diariodopeixe.com.br\/wp-content\/uploads\/2025\/10\/54869205748_0e74b52ce3_o-1638x2048.jpg 1638w\" sizes=\"(max-width: 670px) 100vw, 670px\"\/><\/p>\n<p id=\"caption-attachment-174952\" class=\"wp-caption-text\">Braz\u00e3o \u00e9 um dos atletas mais identificados do atual elenco com o torcedor santista (Cr\u00e9dito: Raul Baretta\/Santos FC)<\/p>\n<\/div>\n<p>O Santos perdeu na noite desta quarta-feira por 1 a 0 para o Deportivo Cuenca, no Equador. A partida marcou a estreia do Peixe na Copa Sul-Americana e, com o rev\u00e9s, o Peixe agora amarga a lanterna do Grupo D, uma vez que Deportivo Recoleta e Ros\u00e1rio Central empataram o outro jogo da chave.<\/p>\n<p>O \u00fanico gol do jogo foi anotado na primeira parte do segundo tempo. E o Peixe, que era melhor na partida, tomou o gol um gol cruel: de bola parada, em batida de escanteio. E ol\u00edmpico.<\/p>\n<p>Ap\u00f3s o jogo, o goleiro Gabriel Braz\u00e3o assumiu a responsabilidade pela derrota no Equador: \u201cEu assumo a responsabilidade, culpa foi toda minha\u201d, disse o arqueiro em entrevista oficial para a Conmebol.<\/p>\n<p>O Peixe agora volta a campo pela Sul-Americana na pr\u00f3xima ter\u00e7a-feira, quando receber\u00e1 na Vila Belmiro o Deportivo Recoleta. Mas antes desse compromisso a equipe voltar\u00e1 suas aten\u00e7\u00f5es para o Brasileir\u00e3o, quando no s\u00e1bado enfrentar\u00e1 o Atl\u00e9tico Mineiro tamb\u00e9m na Vila Belmiro.<\/p>\n<\/p><\/div>\n<div class=\"fusion-sharing-box fusion-theme-sharing-box fusion-single-sharing-box\">\n<h4>Compartilhe essa not\u00edcia, escolha a sua rede!<\/h4>\n<\/p><\/div>\n<p>\t\t<!-- #respond -->\n\t\t\t\t\t\t\t\t\t\t\t\t\t\t<\/div>\n<p><br \/>\n<br \/>Fonte: <a href=\"https:\/\/www.diariodopeixe.com.br\/noticias\/brazao-assume-a-responsabilidade-por-derrota-do-santos-culpa-toda-minha\/\">Di\u00e1rio do Peixe<\/a><\/p>\n","protected":false},"excerpt":{"rendered":"<p>Braz\u00e3o \u00e9 um dos atletas mais identificados do atual elenco com o torcedor santista (Cr\u00e9dito: Raul Baretta\/Santos FC) O Santos perdeu na noite desta quarta-feira por 1 a 0 para o Deportivo Cuenca, no Equador. A partida marcou a estreia do Peixe na Copa Sul-Americana e, com o rev\u00e9s, o Peixe agora amarga a lanterna [&hellip;]<\/p>\n","protected":false},"author":5,"featured_media":72004,"comment_status":"open","ping_status":"open","sticky":false,"template":"","format":"standard","meta":{"_seopress_robots_primary_cat":"","_seopress_titles_title":"","_seopress_titles_desc":"","_seopress_robots_index":"","footnotes":""},"categories":[55],"tags":[],"class_list":["post-72003","post","type-post","status-publish","format-standard","has-post-thumbnail","hentry","category-santos-fc"],"_links":{"self":[{"href":"https:\/\/mussicom.com\/noticias\/wp-json\/wp\/v2\/posts\/72003","targetHints":{"allow":["GET"]}}],"collection":[{"href":"https:\/\/mussicom.com\/noticias\/wp-json\/wp\/v2\/posts"}],"about":[{"href":"https:\/\/mussicom.com\/noticias\/wp-json\/wp\/v2\/types\/post"}],"author":[{"embeddable":true,"href":"https:\/\/mussicom.com\/noticias\/wp-json\/wp\/v2\/users\/5"}],"replies":[{"embeddable":true,"href":"https:\/\/mussicom.com\/noticias\/wp-json\/wp\/v2\/comments?post=72003"}],"version-history":[{"count":0,"href":"https:\/\/mussicom.com\/noticias\/wp-json\/wp\/v2\/posts\/72003\/revisions"}],"wp:featuredmedia":[{"embeddable":true,"href":"https:\/\/mussicom.com\/noticias\/wp-json\/wp\/v2\/media\/72004"}],"wp:attachment":[{"href":"https:\/\/mussicom.com\/noticias\/wp-json\/wp\/v2\/media?parent=72003"}],"wp:term":[{"taxonomy":"category","embeddable":true,"href":"https:\/\/mussicom.com\/noticias\/wp-json\/wp\/v2\/categories?post=72003"},{"taxonomy":"post_tag","embeddable":true,"href":"https:\/\/mussicom.com\/noticias\/wp-json\/wp\/v2\/tags?post=72003"}],"curies":[{"name":"wp","href":"https:\/\/api.w.org\/{rel}","templated":true}]}}