{"id":71921,"date":"2026-04-08T19:35:19","date_gmt":"2026-04-08T22:35:19","guid":{"rendered":"https:\/\/mussicom.com\/governo-conservador-da-bolivia-encerra-acordos-com-o-ira\/"},"modified":"2026-04-08T19:35:19","modified_gmt":"2026-04-08T22:35:19","slug":"governo-conservador-da-bolivia-encerra-acordos-com-o-ira","status":"publish","type":"post","link":"https:\/\/mussicom.com\/noticias\/governo-conservador-da-bolivia-encerra-acordos-com-o-ira\/","title":{"rendered":"Governo conservador da Bol\u00edvia encerra acordos com o Ir\u00e3"},"content":{"rendered":"<p> <br \/>\n<\/p>\n<div id=\"tp-post-content\">\n<p class=\"postParagraph_post-paragraph__juWZN postParagraph_post-paragraph-innerHtml__Q5vwc\">O governo da Bol\u00edvia cancelou um acordo de coopera\u00e7\u00e3o militar assinado em 2023 com o Ir\u00e3, segundo anunciou nesta quarta-feira (8) o ministro da Defesa, Marcelo Salinas.<\/p>\n<p class=\"postParagraph_post-paragraph__juWZN postParagraph_post-paragraph-innerHtml__Q5vwc\">\u201cH\u00e1 aproximadamente quatro meses, este acordo de coopera\u00e7\u00e3o militar foi denunciado, portanto o contrato n\u00e3o existe mais\u201d, disse em resposta a perguntas de jornalistas sobre se o acordo, assinado durante o governo de Luis Arce (2020-2025), ainda estava em vigor.<\/p>\n<p class=\"postParagraph_post-paragraph__juWZN postParagraph_post-paragraph-innerHtml__Q5vwc\">O ministro acrescentou que os acordos com o Ir\u00e3 \u201cforam simplesmente rescindidos e n\u00e3o existem mais\u201d.<\/p>\n<p class=\"postParagraph_post-paragraph__juWZN postParagraph_post-paragraph-innerHtml__Q5vwc\">Desde que assumiu o cargo em 8 de novembro, o presidente Rodrigo Paz tem questionado as rela\u00e7\u00f5es da Bol\u00edvia com o Ir\u00e3, a Venezuela e Cuba, pa\u00edses aliados aos governos de Arce e Evo Morales (2006-2019).<\/p>\n<p class=\"postParagraph_post-paragraph__juWZN postParagraph_post-paragraph-innerHtml__Q5vwc\">Em contrapartida, o governo de Paz garantiu acordos para retomar rela\u00e7\u00f5es diplom\u00e1ticas com os EUA e Israel, na\u00e7\u00f5es que haviam se distanciado dos ex-presidentes de esquerda.<\/p>\n<p class=\"postParagraph_post-paragraph__juWZN postParagraph_post-paragraph-innerHtml__Q5vwc\">No final de fevereiro, ap\u00f3s o in\u00edcio dos ataques dos EUA e de Israel contra o Ir\u00e3, o Minist\u00e9rio das Rela\u00e7\u00f5es Exteriores da Bol\u00edvia reafirmou, em comunicado, &#8220;seu compromisso com a paz e o fortalecimento das democracias como espa\u00e7os onde as pessoas exercem plenamente suas liberdades&#8221;.<\/p>\n<p class=\"postParagraph_post-paragraph__juWZN postParagraph_post-paragraph-innerHtml__Q5vwc\">O antecessor de Salinas, Edmundo Novillo, assinou os acordos de coopera\u00e7\u00e3o em 20 de julho de 2023, durante uma visita a Teer\u00e3 com seu ent\u00e3o hom\u00f3logo iraniano, o Brigadeiro-General Mohammad Reza Qarai Ashtiani.<\/p>\n<p class=\"postParagraph_post-paragraph__juWZN postParagraph_post-paragraph-innerHtml__Q5vwc\">Novillo solicitou a colabora\u00e7\u00e3o iraniana na seguran\u00e7a das fronteiras e no combate ao narcotr\u00e1fico e contrabando, e visitou empresas de tecnologia que fabricam drones para esses fins.<\/p>\n<p class=\"postParagraph_post-paragraph__juWZN postParagraph_post-paragraph-innerHtml__Q5vwc\">Os acordos suscitaram questionamentos e advert\u00eancias do governo de Javier Milei, na Argentina, rea\u00e7\u00f5es que Novillo rejeitou, afirmando que o acordo n\u00e3o representava uma amea\u00e7a aos pa\u00edses vizinhos.<\/p>\n<\/div>\n<p><br \/>\n<br \/>Fonte: <a href=\"https:\/\/www.gazetadopovo.com.br\/mundo\/governo-conservador-da-bolivia-encerra-acordos-de-cooperacao-militar-com-o-ira\/\">Revista Oeste<\/a><\/p>\n","protected":false},"excerpt":{"rendered":"<p>O governo da Bol\u00edvia cancelou um acordo de coopera\u00e7\u00e3o militar assinado em 2023 com o Ir\u00e3, segundo anunciou nesta quarta-feira (8) o ministro da Defesa, Marcelo Salinas. \u201cH\u00e1 aproximadamente quatro meses, este acordo de coopera\u00e7\u00e3o militar foi denunciado, portanto o contrato n\u00e3o existe mais\u201d, disse em resposta a perguntas de jornalistas sobre se o acordo, [&hellip;]<\/p>\n","protected":false},"author":5,"featured_media":71922,"comment_status":"open","ping_status":"open","sticky":false,"template":"","format":"standard","meta":{"_seopress_robots_primary_cat":"","_seopress_titles_title":"","_seopress_titles_desc":"","_seopress_robots_index":"","footnotes":""},"categories":[48],"tags":[],"class_list":["post-71921","post","type-post","status-publish","format-standard","has-post-thumbnail","hentry","category-internacional"],"_links":{"self":[{"href":"https:\/\/mussicom.com\/noticias\/wp-json\/wp\/v2\/posts\/71921","targetHints":{"allow":["GET"]}}],"collection":[{"href":"https:\/\/mussicom.com\/noticias\/wp-json\/wp\/v2\/posts"}],"about":[{"href":"https:\/\/mussicom.com\/noticias\/wp-json\/wp\/v2\/types\/post"}],"author":[{"embeddable":true,"href":"https:\/\/mussicom.com\/noticias\/wp-json\/wp\/v2\/users\/5"}],"replies":[{"embeddable":true,"href":"https:\/\/mussicom.com\/noticias\/wp-json\/wp\/v2\/comments?post=71921"}],"version-history":[{"count":0,"href":"https:\/\/mussicom.com\/noticias\/wp-json\/wp\/v2\/posts\/71921\/revisions"}],"wp:featuredmedia":[{"embeddable":true,"href":"https:\/\/mussicom.com\/noticias\/wp-json\/wp\/v2\/media\/71922"}],"wp:attachment":[{"href":"https:\/\/mussicom.com\/noticias\/wp-json\/wp\/v2\/media?parent=71921"}],"wp:term":[{"taxonomy":"category","embeddable":true,"href":"https:\/\/mussicom.com\/noticias\/wp-json\/wp\/v2\/categories?post=71921"},{"taxonomy":"post_tag","embeddable":true,"href":"https:\/\/mussicom.com\/noticias\/wp-json\/wp\/v2\/tags?post=71921"}],"curies":[{"name":"wp","href":"https:\/\/api.w.org\/{rel}","templated":true}]}}