{"id":71904,"date":"2026-04-08T18:30:18","date_gmt":"2026-04-08T21:30:18","guid":{"rendered":"https:\/\/mussicom.com\/pnd-2026-professores-poderao-se-inscrever-a-partir-de-15-de-junho\/"},"modified":"2026-04-08T18:30:18","modified_gmt":"2026-04-08T21:30:18","slug":"pnd-2026-professores-poderao-se-inscrever-a-partir-de-15-de-junho","status":"publish","type":"post","link":"https:\/\/mussicom.com\/noticias\/pnd-2026-professores-poderao-se-inscrever-a-partir-de-15-de-junho\/","title":{"rendered":"PND 2026: professores poder\u00e3o se inscrever a partir de 15 de junho"},"content":{"rendered":"<p> <br \/>\n<\/p>\n<div>\n<p><strong>As pessoas com forma\u00e7\u00e3o em licenciatura que queiram lecionar em escolas da rede p\u00fablica poder\u00e3o se inscrever na Prova Nacional Docente (PND) de 2026, entre os dias 15 e 26 junho. O exame ser\u00e1 aplicado no dia 20 de setembro.\u00a0<\/strong><img decoding=\"async\" src=\"https:\/\/agenciabrasil.ebc.com.br\/ebc.gif?id=1685286&amp;o=node\" style=\"width:1px; height:1px; display:inline;\"\/><\/p>\n<p>Os estudantes concluintes dos cursos de licenciaturas que tenham interesse em participar da PND dever\u00e3o fazer a inscri\u00e7\u00e3o no Exame Nacional de Desempenho dos Estudantes (Enade) das Licenciaturas, conforme edital a ser divulgado pelo Inep.<\/p>\n<p>O cronograma das provas foi divulgado nesta segunda-feira (6) pelo Minist\u00e9rio da Educa\u00e7\u00e3o\u00a0(MEC).\u00a0\u00a0<\/p>\n<p><strong>A prova nacional tem o objetivo de facilitar a contrata\u00e7\u00e3o para o magist\u00e9rio da educa\u00e7\u00e3o b\u00e1sica pelas prefeituras e governos estaduais<\/strong>. A nota alcan\u00e7ada pelo participante da PND poder\u00e1 ser usada como etapa \u00fanica ou complementar de concursos p\u00fablicos locais ou processos seletivos simplificados para admiss\u00e3o de professores.<\/p>\n<p>&gt;&gt; Siga o canal da <strong>Ag\u00eancia Brasil<\/strong> no WhatsApp<\/p>\n<h2>Ades\u00e3o das secretarias de educa\u00e7\u00e3o\u00a0\u00a0<\/h2>\n<p><strong>Os governos locais interessados em usar os resultados da PND em seus pr\u00f3prios processos seletivos de professores devem formalizar a ades\u00e3o com o MEC.<\/strong>\u00a0A data final exata em maio para ades\u00e3o ainda ser\u00e1 divulgada pelo Minist\u00e9rio.<\/p>\n<p>As redes de ensino municipais, estaduais e distrital que formalizaram ades\u00e3o \u00e0 PND em 2025 devem apenas renovar interesse em usar a nota da prova.\u00a0<\/p>\n<p>Ap\u00f3s o per\u00edodo de ades\u00f5es de gestores das secretarias de educa\u00e7\u00e3o de estados e munic\u00edpios, o Minist\u00e9rio da Educa\u00e7\u00e3o dever\u00e1 publicar a lista dos que aderiram \u00e0 prova.<\/p>\n<p>Assinado o termo de ades\u00e3o, os estados e munic\u00edpios devem publicar um edital pr\u00f3prio de concurso ou de processo seletivo que deve dizer claramente que aproveitar\u00e1 a nota da Prova Nacional Docente como crit\u00e9rio de classifica\u00e7\u00e3o\/sele\u00e7\u00e3o.<\/p>\n<h2>Enem dos Professores<\/h2>\n<p>O chamado de \u201cEnem dos Professores\u201d \u00e9 realizado anualmente pelo Minist\u00e9rio da Educa\u00e7\u00e3o (MEC) em parceria com o Instituto Nacional de Estudos e Pesquisas Educacionais An\u00edsio Teixeira (Inep). A aplica\u00e7\u00e3o \u00e9 descentralizada em todas as 27 unidades da federa\u00e7\u00e3o.<\/p>\n<p>Todos os anos, a PND adota a avalia\u00e7\u00e3o te\u00f3rica do Enade das Licenciaturas.<\/p>\n<p>A PND n\u00e3o gera um banco de candidatos para a rede de ensino, n\u00e3o \u00e9 poss\u00edvel fazer uma consulta geral dos inscritos na PND ou obter uma lista de participantes.<\/p>\n<p><strong>A prova nacional n\u00e3o substitui o processo de sele\u00e7\u00e3o da rede de ensino, que dever\u00e1 publicar edital pr\u00f3prio, com vagas, cargos, prazos e crit\u00e9rios de ingresso.<\/strong><\/p>\n<p>      <!-- Relacionada --><\/p>\n<p>            <!-- Relacionada -->\n    <\/div>\n<p><br \/>\n<br \/>Fonte: <a href=\"https:\/\/agenciabrasil.ebc.com.br\/educacao\/noticia\/2026-04\/pnd-2026-professores-poderao-se-inscrever-partir-de-15-de-junho\">Ag\u00eancia Brasil<\/a><\/p>\n","protected":false},"excerpt":{"rendered":"<p>As pessoas com forma\u00e7\u00e3o em licenciatura que queiram lecionar em escolas da rede p\u00fablica poder\u00e3o se inscrever na Prova Nacional Docente (PND) de 2026, entre os dias 15 e 26 junho. O exame ser\u00e1 aplicado no dia 20 de setembro.\u00a0 Os estudantes concluintes dos cursos de licenciaturas que tenham interesse em participar da PND dever\u00e3o [&hellip;]<\/p>\n","protected":false},"author":5,"featured_media":4885,"comment_status":"open","ping_status":"open","sticky":false,"template":"","format":"standard","meta":{"_seopress_robots_primary_cat":"","_seopress_titles_title":"","_seopress_titles_desc":"","_seopress_robots_index":"","footnotes":""},"categories":[44],"tags":[],"class_list":["post-71904","post","type-post","status-publish","format-standard","has-post-thumbnail","hentry","category-educacao"],"_links":{"self":[{"href":"https:\/\/mussicom.com\/noticias\/wp-json\/wp\/v2\/posts\/71904","targetHints":{"allow":["GET"]}}],"collection":[{"href":"https:\/\/mussicom.com\/noticias\/wp-json\/wp\/v2\/posts"}],"about":[{"href":"https:\/\/mussicom.com\/noticias\/wp-json\/wp\/v2\/types\/post"}],"author":[{"embeddable":true,"href":"https:\/\/mussicom.com\/noticias\/wp-json\/wp\/v2\/users\/5"}],"replies":[{"embeddable":true,"href":"https:\/\/mussicom.com\/noticias\/wp-json\/wp\/v2\/comments?post=71904"}],"version-history":[{"count":0,"href":"https:\/\/mussicom.com\/noticias\/wp-json\/wp\/v2\/posts\/71904\/revisions"}],"wp:featuredmedia":[{"embeddable":true,"href":"https:\/\/mussicom.com\/noticias\/wp-json\/wp\/v2\/media\/4885"}],"wp:attachment":[{"href":"https:\/\/mussicom.com\/noticias\/wp-json\/wp\/v2\/media?parent=71904"}],"wp:term":[{"taxonomy":"category","embeddable":true,"href":"https:\/\/mussicom.com\/noticias\/wp-json\/wp\/v2\/categories?post=71904"},{"taxonomy":"post_tag","embeddable":true,"href":"https:\/\/mussicom.com\/noticias\/wp-json\/wp\/v2\/tags?post=71904"}],"curies":[{"name":"wp","href":"https:\/\/api.w.org\/{rel}","templated":true}]}}