{"id":71863,"date":"2026-04-08T14:34:17","date_gmt":"2026-04-08T17:34:17","guid":{"rendered":"https:\/\/mussicom.com\/caminhao-sabor-e-renda-chega-ao-santa-rosa-nesta-quarta-feira-8\/"},"modified":"2026-04-08T14:34:17","modified_gmt":"2026-04-08T17:34:17","slug":"caminhao-sabor-e-renda-chega-ao-santa-rosa-nesta-quarta-feira-8","status":"publish","type":"post","link":"https:\/\/mussicom.com\/noticias\/caminhao-sabor-e-renda-chega-ao-santa-rosa-nesta-quarta-feira-8\/","title":{"rendered":"Caminh\u00e3o Sabor e Renda chega\u00a0ao Santa Rosa nesta quarta-feira (8)"},"content":{"rendered":"<p> <br \/>\n<\/p>\n<div id=\"texto\">\n<p>Nesta quarta-feira (8), a Prefeitura de Guaruj\u00e1 realiza mais uma edi\u00e7\u00e3o do Caminh\u00e3o Sabor e Renda. A iniciativa acontece no Centro de Refer\u00eancia da Assist\u00eancia Social (CRAS) Santa Rosa (Rua Azuil Loureiro,1020), a partir das 14h30.\u00a0\u00a0Realizado por meio da Secretaria de Desenvolvimento e Assist\u00eancia Social (Sedeas), o projeto ir\u00e1 percorrer durante este m\u00eas todos os CRAS do Munic\u00edpio, oferecendo oficinas culin\u00e1rias gratuitas voltadas \u00e0 Educa\u00e7\u00e3o Alimentar e Nutricional (EAN). O primeiro a receber a iniciativa foi o CRAS Morrinhos, no \u00faltimo dia 1\u00ba.<\/p>\n<p>\u00a0<\/p>\n<p>A a\u00e7\u00e3o \u00e9 coordenada pela Diretoria de Seguran\u00e7a Alimentar e Nutricional (SEGAN) e tem como objetivo promover h\u00e1bitos alimentares mais saud\u00e1veis, al\u00e9m de incentivar a gera\u00e7\u00e3o de renda por meio do aproveitamento integral dos alimentos.<\/p>\n<p>\u00a0<\/p>\n<p>Durante as oficinas, os participantes aprendem a preparar receitas pr\u00e1ticas, nutritivas e de baixo custo, utilizando alimentos in natura ou minimamente processados. O conte\u00fado tamb\u00e9m inclui orienta\u00e7\u00f5es sobre boas pr\u00e1ticas de manipula\u00e7\u00e3o de alimentos e conceitos baseados no Guia Alimentar para a Popula\u00e7\u00e3o Brasileira.<\/p>\n<p>\u00a0<\/p>\n<p>&#8220;O Caminh\u00e3o Sabor e Renda \u00e9 uma ferramenta de transforma\u00e7\u00e3o social. A gente ensina receitas acess\u00edveis e nutritivas, mas tamb\u00e9m mostra como evitar o desperd\u00edcio e melhorar a qualidade da alimenta\u00e7\u00e3o dentro de casa&#8221;, destacou o diretor de Seguran\u00e7a Alimentar e Nutricional, Vagner Cruz.<\/p>\n<p>\u00a0<\/p>\n<p>Al\u00e9m do aprendizado, as atividades proporcionam momentos de conviv\u00eancia e troca de experi\u00eancias entre os participantes, que ao final das oficinas ainda podem degustar as prepara\u00e7\u00f5es realizadas.<\/p>\n<p>\u00a0<\/p>\n<p>O secret\u00e1rio de Desenvolvimento e Assist\u00eancia Social, Fernando Monte, refor\u00e7a a import\u00e2ncia da iniciativa e sua origem. &#8220;Esse projeto \u00e9 fruto de uma conquista do Munic\u00edpio junto ao Governo Federal. Um investimento que garante a estrutura necess\u00e1ria para levar essas a\u00e7\u00f5es diretamente \u00e0s comunidades, fortalecendo a seguran\u00e7a alimentar e ampliando oportunidades para a popula\u00e7\u00e3o&#8221;.<\/p>\n<p>\u00a0<\/p>\n<p>A participa\u00e7\u00e3o \u00e9 gratuita e aberta ao p\u00fablico atendido pelos equipamentos, fortalecendo o papel dos CRAS como espa\u00e7os de promo\u00e7\u00e3o de cidadania, inclus\u00e3o e qualidade de vida.<\/p>\n<p>\u00a0<\/p>\n<p><strong>Confira a programa\u00e7\u00e3o:<\/strong><\/p>\n<p>08\/04 \u2013 CRAS Santa Rosa<\/p>\n<p>Rua Azuil Loureiro n\u00ba1020 &#8211; Santa Rosa<\/p>\n<p>\u00a0<\/p>\n<p>15\/04 \u2013 CRAS Enseada<\/p>\n<p>Rua Des. Pl\u00ednio de Carvalho Pinto, 19 &#8211; Balne\u00e1rio Cidade Atl\u00e2ntica.<\/p>\n<p>\u00a0<\/p>\n<p>29\/04 \u2013 CRAS Vicente de Carvalho<\/p>\n<p>Av. Cunhambebe, 380 \/ Vila Alice \/ Vicente de Carvalho<\/p>\n<\/p><\/div>\n<p><script async defer crossorigin=\"anonymous\" src=\"https:\/\/connect.facebook.net\/pt_BR\/sdk.js#xfbml=1&#038;version=v12.0&#038;appId=&#038;autoLogAppEvents=1\" nonce=\"ou0fI1lo\"><\/script><br \/>\n<br \/><br \/>\n<br \/>Fonte: <a href=\"https:\/\/www.bs9.com.br\/litoral\/caminhao-sabor-e-renda-chegaao-santa-rosa-nesta-quarta-feira-8\/38770\/\">BS9<\/a><\/p>\n","protected":false},"excerpt":{"rendered":"<p>Nesta quarta-feira (8), a Prefeitura de Guaruj\u00e1 realiza mais uma edi\u00e7\u00e3o do Caminh\u00e3o Sabor e Renda. A iniciativa acontece no Centro de Refer\u00eancia da Assist\u00eancia Social (CRAS) Santa Rosa (Rua Azuil Loureiro,1020), a partir das 14h30.\u00a0\u00a0Realizado por meio da Secretaria de Desenvolvimento e Assist\u00eancia Social (Sedeas), o projeto ir\u00e1 percorrer durante este m\u00eas todos os [&hellip;]<\/p>\n","protected":false},"author":5,"featured_media":71864,"comment_status":"open","ping_status":"open","sticky":false,"template":"","format":"standard","meta":{"_seopress_robots_primary_cat":"","_seopress_titles_title":"","_seopress_titles_desc":"","_seopress_robots_index":"","footnotes":""},"categories":[52],"tags":[],"class_list":["post-71863","post","type-post","status-publish","format-standard","has-post-thumbnail","hentry","category-santoseregiao"],"_links":{"self":[{"href":"https:\/\/mussicom.com\/noticias\/wp-json\/wp\/v2\/posts\/71863","targetHints":{"allow":["GET"]}}],"collection":[{"href":"https:\/\/mussicom.com\/noticias\/wp-json\/wp\/v2\/posts"}],"about":[{"href":"https:\/\/mussicom.com\/noticias\/wp-json\/wp\/v2\/types\/post"}],"author":[{"embeddable":true,"href":"https:\/\/mussicom.com\/noticias\/wp-json\/wp\/v2\/users\/5"}],"replies":[{"embeddable":true,"href":"https:\/\/mussicom.com\/noticias\/wp-json\/wp\/v2\/comments?post=71863"}],"version-history":[{"count":0,"href":"https:\/\/mussicom.com\/noticias\/wp-json\/wp\/v2\/posts\/71863\/revisions"}],"wp:featuredmedia":[{"embeddable":true,"href":"https:\/\/mussicom.com\/noticias\/wp-json\/wp\/v2\/media\/71864"}],"wp:attachment":[{"href":"https:\/\/mussicom.com\/noticias\/wp-json\/wp\/v2\/media?parent=71863"}],"wp:term":[{"taxonomy":"category","embeddable":true,"href":"https:\/\/mussicom.com\/noticias\/wp-json\/wp\/v2\/categories?post=71863"},{"taxonomy":"post_tag","embeddable":true,"href":"https:\/\/mussicom.com\/noticias\/wp-json\/wp\/v2\/tags?post=71863"}],"curies":[{"name":"wp","href":"https:\/\/api.w.org\/{rel}","templated":true}]}}