{"id":71832,"date":"2026-04-08T11:31:21","date_gmt":"2026-04-08T14:31:21","guid":{"rendered":"https:\/\/mussicom.com\/colisao-lidera-ocorrencias-no-feriado-de-pascoa-no-sistema-anchieta-imigrantes\/"},"modified":"2026-04-08T11:31:21","modified_gmt":"2026-04-08T14:31:21","slug":"colisao-lidera-ocorrencias-no-feriado-de-pascoa-no-sistema-anchieta-imigrantes","status":"publish","type":"post","link":"https:\/\/mussicom.com\/noticias\/colisao-lidera-ocorrencias-no-feriado-de-pascoa-no-sistema-anchieta-imigrantes\/","title":{"rendered":"Colis\u00e3o lidera ocorr\u00eancias no feriado de P\u00e1scoa no Sistema Anchieta-Imigrantes"},"content":{"rendered":"<p> <br \/>\n<\/p>\n<div id=\"texto\">\n<p>As colis\u00f5es traseiras e laterais concentraram a maior parte dos acidentes registrados durante o feriado de P\u00e1scoa no Sistema Anchieta-Imigrantes (SAI), entre os dias 2 e 5 de abril. Ao todo, esse tipo de ocorr\u00eancia somou 11 casos, em um cen\u00e1rio de queda nos principais indicadores de seguran\u00e7a vi\u00e1ria na compara\u00e7\u00e3o com o mesmo per\u00edodo de 2025.<\/p>\n<p>\u00a0<\/p>\n<p>Na sequ\u00eancia, apareceram as colis\u00f5es laterais (6) e os tombamentos de motocicletas (6). Tamb\u00e9m foram registrados choques contra objeto fixo (4) e atropelamentos de pedestres (2).<\/p>\n<p>\u00a0<\/p>\n<p>No total, foram contabilizados 30 acidentes, frente a 59 no ano anterior, o que representa uma redu\u00e7\u00e3o de 49%. Os acidentes sem v\u00edtimas ca\u00edram de 32 para 13 (-59%), enquanto os casos com feridos passaram de 26 para 16 (-38%).<\/p>\n<p>\u00a0<\/p>\n<p>O total de v\u00edtimas tamb\u00e9m apresentou queda. Em 2026, foram contabilizadas 82 pessoas envolvidas em acidentes, contra 128 em 2025 (-28%). O n\u00famero de feridos caiu de 33 para 20 (-35%). Neste ano houve uma v\u00edtima fatal, ante tr\u00eas registros no per\u00edodo anterior.<\/p>\n<p>\u00a0<\/p>\n<p>Durante o feriado, foram realizados 939 atendimentos aos usu\u00e1rios. O socorro mec\u00e2nico foi o servi\u00e7o mais acionado, com 531 ocorr\u00eancias, seguido pelos atendimentos com guincho (365) e pelas ocorr\u00eancias com ambul\u00e2ncia (43).<\/p>\n<p>\u00a0<\/p>\n<p>Outro destaque do per\u00edodo foi o volume de intera\u00e7\u00f5es com os canais de atendimento. O 0800 registrou 951 chamadas, enquanto o chatbot somou 2.850 atendimentos.<\/p>\n<p>\u00a0<\/p>\n<p>Ao longo da opera\u00e7\u00e3o, foram registrados 271.267 ve\u00edculos em circula\u00e7\u00e3o O maior volume de tr\u00e1fego na descida da serra foi registrado na sexta-feira (3), das 6h \u00e0s 7h, com 7.618 ve\u00edculos em dire\u00e7\u00e3o ao litoral. No retorno, o pico ocorreu no domingo (5), das 12h \u00e0s 13h, com 9.876 ve\u00edculos sentido capital.<\/p>\n<p>\u00a0<\/p>\n<p>Segundo Douglas Albiero, coordenador de Tr\u00e1fego da Ecovias Imigrantes, o perfil das ocorr\u00eancias refor\u00e7a a import\u00e2ncia da condu\u00e7\u00e3o atenta, especialmente em trechos de maior fluxo. &#8220;As colis\u00f5es no mesmo sentido seguem como o principal tipo de ocorr\u00eancia, o que indica a necessidade de aten\u00e7\u00e3o \u00e0 dist\u00e2ncia de seguran\u00e7a e \u00e0s condi\u00e7\u00f5es de tr\u00e1fego. A redu\u00e7\u00e3o geral dos acidentes tamb\u00e9m reflete o comportamento dos motoristas e o monitoramento cont\u00ednuo ao longo da rodovia&#8221;, afirma.<\/p>\n<p>\u00a0<\/p>\n<p>A Ecovias Imigrantes mant\u00e9m atua\u00e7\u00e3o integrada com os \u00f3rg\u00e3os de seguran\u00e7a e refor\u00e7a que a condu\u00e7\u00e3o respons\u00e1vel, aliada ao monitoramento cont\u00ednuo e ao suporte operacional, \u00e9 fundamental para a preserva\u00e7\u00e3o de vidas.<\/p>\n<\/p><\/div>\n<p><script async defer crossorigin=\"anonymous\" src=\"https:\/\/connect.facebook.net\/pt_BR\/sdk.js#xfbml=1&#038;version=v12.0&#038;appId=&#038;autoLogAppEvents=1\" nonce=\"ou0fI1lo\"><\/script><br \/>\n<br \/><br \/>\n<br \/>Fonte: <a href=\"https:\/\/www.bs9.com.br\/litoral\/colisao-lidera-ocorrencias-no-feriado-de-pascoa-no-sistema\/38765\/\">BS9<\/a><\/p>\n","protected":false},"excerpt":{"rendered":"<p>As colis\u00f5es traseiras e laterais concentraram a maior parte dos acidentes registrados durante o feriado de P\u00e1scoa no Sistema Anchieta-Imigrantes (SAI), entre os dias 2 e 5 de abril. Ao todo, esse tipo de ocorr\u00eancia somou 11 casos, em um cen\u00e1rio de queda nos principais indicadores de seguran\u00e7a vi\u00e1ria na compara\u00e7\u00e3o com o mesmo per\u00edodo [&hellip;]<\/p>\n","protected":false},"author":5,"featured_media":71833,"comment_status":"open","ping_status":"open","sticky":false,"template":"","format":"standard","meta":{"_seopress_robots_primary_cat":"","_seopress_titles_title":"","_seopress_titles_desc":"","_seopress_robots_index":"","footnotes":""},"categories":[52],"tags":[],"class_list":["post-71832","post","type-post","status-publish","format-standard","has-post-thumbnail","hentry","category-santoseregiao"],"_links":{"self":[{"href":"https:\/\/mussicom.com\/noticias\/wp-json\/wp\/v2\/posts\/71832","targetHints":{"allow":["GET"]}}],"collection":[{"href":"https:\/\/mussicom.com\/noticias\/wp-json\/wp\/v2\/posts"}],"about":[{"href":"https:\/\/mussicom.com\/noticias\/wp-json\/wp\/v2\/types\/post"}],"author":[{"embeddable":true,"href":"https:\/\/mussicom.com\/noticias\/wp-json\/wp\/v2\/users\/5"}],"replies":[{"embeddable":true,"href":"https:\/\/mussicom.com\/noticias\/wp-json\/wp\/v2\/comments?post=71832"}],"version-history":[{"count":0,"href":"https:\/\/mussicom.com\/noticias\/wp-json\/wp\/v2\/posts\/71832\/revisions"}],"wp:featuredmedia":[{"embeddable":true,"href":"https:\/\/mussicom.com\/noticias\/wp-json\/wp\/v2\/media\/71833"}],"wp:attachment":[{"href":"https:\/\/mussicom.com\/noticias\/wp-json\/wp\/v2\/media?parent=71832"}],"wp:term":[{"taxonomy":"category","embeddable":true,"href":"https:\/\/mussicom.com\/noticias\/wp-json\/wp\/v2\/categories?post=71832"},{"taxonomy":"post_tag","embeddable":true,"href":"https:\/\/mussicom.com\/noticias\/wp-json\/wp\/v2\/tags?post=71832"}],"curies":[{"name":"wp","href":"https:\/\/api.w.org\/{rel}","templated":true}]}}