{"id":71824,"date":"2026-04-08T11:20:24","date_gmt":"2026-04-08T14:20:24","guid":{"rendered":"https:\/\/mussicom.com\/inscricoes-para-o-programa-mais-medicos-terminam-nesta-quarta-feira\/"},"modified":"2026-04-08T11:20:24","modified_gmt":"2026-04-08T14:20:24","slug":"inscricoes-para-o-programa-mais-medicos-terminam-nesta-quarta-feira","status":"publish","type":"post","link":"https:\/\/mussicom.com\/noticias\/inscricoes-para-o-programa-mais-medicos-terminam-nesta-quarta-feira\/","title":{"rendered":"Inscri\u00e7\u00f5es para o programa Mais M\u00e9dicos terminam nesta quarta-feira"},"content":{"rendered":"<p> <br \/>\n<\/p>\n<div>\n<p><strong>O prazo para os interessados em se inscrever para o 45\u00ba ciclo do projeto Mais M\u00e9dicos para o Brasil\u00a0(PMMB) termina \u00e0s 23 horas e 59 minutos desta quarta-feira (8).<\/strong><img decoding=\"async\" src=\"https:\/\/agenciabrasil.ebc.com.br\/ebc.gif?id=1685190&amp;o=node\" style=\"width:1px; height:1px; display:inline;\"\/><\/p>\n<p>O projeto coordenado pelo Minist\u00e9rio da Sa\u00fade \u00e9 voltado \u00e0 atua\u00e7\u00e3o na Aten\u00e7\u00e3o Prim\u00e1ria \u00e0 Sa\u00fade (APS) do Sistema \u00danico de Sa\u00fade (SUS), em regi\u00f5es priorit\u00e1rias, remotas, de dif\u00edcil acesso e de alto \u00edndice de vulnerabilidade, incluindo territ\u00f3rios ind\u00edgenas, onde h\u00e1 escassez ou aus\u00eancia de m\u00e9dicos<\/p>\n<p>Os profissionais interessados em participar devem se inscrever por meio da Plataforma de Gerenciamento de Programas de Provimento, com <em>login<\/em> da conta do portal Gov.br.<\/p>\n<p>Para a participa\u00e7\u00e3o no chamamento p\u00fablico, \u00e9 indispens\u00e1vel a comprova\u00e7\u00e3o pr\u00e9via da habilita\u00e7\u00e3o para o exerc\u00edcio da medicina, com o devido registro no Conselho Regional de Medicina. <strong>Os profissionais selecionados atuar\u00e3o por at\u00e9 48 meses, combinando atendimento direto \u00e0 popula\u00e7\u00e3o com forma\u00e7\u00e3o continuada.<\/strong><\/p>\n<p>&gt;&gt; Siga o canal da<strong> Ag\u00eancia Brasil <\/strong>no WhatsApp<\/p>\n<h2>Vagas<\/h2>\n<p><strong>Neste novo edital (n\u00ba 24\/2026), o Minist\u00e9rio da Sa\u00fade abriu 1.524 vagas.<\/strong><\/p>\n<p><strong>S\u00e3o 1.351 vagas para equipes de Sa\u00fade da Fam\u00edlia (eSF), 75 para equipes de consult\u00f3rio na rua e 98 para Distritos Sanit\u00e1rios Especiais Ind\u00edgenas (DSEI).<\/strong><\/p>\n<p>O documento esclarece que as vagas dispon\u00edveis foram distribu\u00eddas conforme estudos de demografia m\u00e9dica e sobre vulnerabilidade social.<\/p>\n<p>Todos os m\u00e9dicos poder\u00e3o participar; no entanto, os profissionais formados em institui\u00e7\u00f5es de educa\u00e7\u00e3o superior brasileiras ou com diploma revalidado no Brasil ter\u00e3o prioridade na sele\u00e7\u00e3o e ocupa\u00e7\u00e3o das vagas ofertadas pelo Mais M\u00e9dicos.<\/p>\n<h2>O edital contempla tr\u00eas perfis principais:<\/h2>\n<p>perfil 1: m\u00e9dicos formados no Brasil ou com diploma revalidado, com registro ativo no Conselho Federal de Medicina (CRM);<\/p>\n<p>perfil 2: m\u00e9dicos brasileiros formados no exterior (intercambistas);<\/p>\n<p>perfil 3: m\u00e9dicos estrangeiros com habilita\u00e7\u00e3o para atuar no exterior.<\/p>\n<p><strong>Os profissionais selecionados atuar\u00e3o por 48 meses.<\/strong><\/p>\n<h2>Bolsa-forma\u00e7\u00e3o<\/h2>\n<p><strong>O programa oferece uma bolsa-forma\u00e7\u00e3o de R$ 14.121,63 para os m\u00e9dicos matriculados e com situa\u00e7\u00e3o regular quanto \u00e0s atividades educacionais previstas no projeto.<\/strong><\/p>\n<p>O m\u00e9dico participante dever\u00e1 cumprir semanalmente com a carga hor\u00e1ria de 44 horas de atividades que envolvem ensino, pesquisa e extens\u00e3o, com componente assistencial, nas unidades de sa\u00fade no munic\u00edpio ou distrito em que for alocado.<\/p>\n<p><strong>No caso de o m\u00e9dico comprovar a necessidade de mudan\u00e7a de domic\u00edlio em raz\u00e3o da aloca\u00e7\u00e3o em munic\u00edpio diferente do seu domic\u00edlio, o Minist\u00e9rio da Sa\u00fade poder\u00e1 conceder ajuda de custo, que n\u00e3o poder\u00e1 exceder ao valor de tr\u00eas bolsas-forma\u00e7\u00e3o.<\/strong><\/p>\n<h2>Mais M\u00e9dicos<\/h2>\n<p>Lan\u00e7ado em 2013 para suprir a falta de profissionais em regi\u00f5es remotas e fix\u00e1-los nesta \u00e1reas priorit\u00e1rias, atualmente, o Programa Mais M\u00e9dicos para o Brasil conta com mais de 26 mil m\u00e9dicos em atua\u00e7\u00e3o em todo o pa\u00eds.<\/p>\n<p>O Minist\u00e9rio da Sa\u00fade orienta os candidatos a acompanharem regularmente a p\u00e1gina eletr\u00f4nica do Programa Mais M\u00e9dicos\u00a0para se informar oficialmente de todas as etapas relacionadas \u00e0 ades\u00e3o ao Projeto Mais M\u00e9dicos para o Brasil &#8211; PMMB.<\/p>\n<p>\u00a0<\/p>\n<p>      <!-- Relacionada --><\/p>\n<p>            <!-- Relacionada -->\n    <\/div>\n<p><br \/>\n<br \/>Fonte: <a href=\"https:\/\/agenciabrasil.ebc.com.br\/saude\/noticia\/2026-04\/inscricoes-para-o-programa-mais-medicos-terminam-nesta-quarta-feira\">Ag\u00eancia Brasil<\/a><\/p>\n","protected":false},"excerpt":{"rendered":"<p>O prazo para os interessados em se inscrever para o 45\u00ba ciclo do projeto Mais M\u00e9dicos para o Brasil\u00a0(PMMB) termina \u00e0s 23 horas e 59 minutos desta quarta-feira (8). O projeto coordenado pelo Minist\u00e9rio da Sa\u00fade \u00e9 voltado \u00e0 atua\u00e7\u00e3o na Aten\u00e7\u00e3o Prim\u00e1ria \u00e0 Sa\u00fade (APS) do Sistema \u00danico de Sa\u00fade (SUS), em regi\u00f5es priorit\u00e1rias, [&hellip;]<\/p>\n","protected":false},"author":5,"featured_media":39629,"comment_status":"open","ping_status":"open","sticky":false,"template":"","format":"standard","meta":{"_seopress_robots_primary_cat":"","_seopress_titles_title":"","_seopress_titles_desc":"","_seopress_robots_index":"","footnotes":""},"categories":[46],"tags":[],"class_list":["post-71824","post","type-post","status-publish","format-standard","has-post-thumbnail","hentry","category-saude"],"_links":{"self":[{"href":"https:\/\/mussicom.com\/noticias\/wp-json\/wp\/v2\/posts\/71824","targetHints":{"allow":["GET"]}}],"collection":[{"href":"https:\/\/mussicom.com\/noticias\/wp-json\/wp\/v2\/posts"}],"about":[{"href":"https:\/\/mussicom.com\/noticias\/wp-json\/wp\/v2\/types\/post"}],"author":[{"embeddable":true,"href":"https:\/\/mussicom.com\/noticias\/wp-json\/wp\/v2\/users\/5"}],"replies":[{"embeddable":true,"href":"https:\/\/mussicom.com\/noticias\/wp-json\/wp\/v2\/comments?post=71824"}],"version-history":[{"count":0,"href":"https:\/\/mussicom.com\/noticias\/wp-json\/wp\/v2\/posts\/71824\/revisions"}],"wp:featuredmedia":[{"embeddable":true,"href":"https:\/\/mussicom.com\/noticias\/wp-json\/wp\/v2\/media\/39629"}],"wp:attachment":[{"href":"https:\/\/mussicom.com\/noticias\/wp-json\/wp\/v2\/media?parent=71824"}],"wp:term":[{"taxonomy":"category","embeddable":true,"href":"https:\/\/mussicom.com\/noticias\/wp-json\/wp\/v2\/categories?post=71824"},{"taxonomy":"post_tag","embeddable":true,"href":"https:\/\/mussicom.com\/noticias\/wp-json\/wp\/v2\/tags?post=71824"}],"curies":[{"name":"wp","href":"https:\/\/api.w.org\/{rel}","templated":true}]}}