{"id":71823,"date":"2026-04-08T10:32:20","date_gmt":"2026-04-08T13:32:20","guid":{"rendered":"https:\/\/mussicom.com\/alerta-no-arroz-cenario-pode-mudar-rapido\/"},"modified":"2026-04-08T10:32:20","modified_gmt":"2026-04-08T13:32:20","slug":"alerta-no-arroz-cenario-pode-mudar-rapido","status":"publish","type":"post","link":"https:\/\/mussicom.com\/noticias\/alerta-no-arroz-cenario-pode-mudar-rapido\/","title":{"rendered":"Alerta no arroz: cen\u00e1rio pode mudar r\u00e1pido"},"content":{"rendered":"<p> <br \/>\n<\/p>\n<div>\n<div class=\"row\">\n<div class=\"col-lg col-infos mt-0 mt-lg-0\">\n<div class=\"section-sub-title\">\n<p itemprop=\"description\">&#13;<br \/>\n                                Outro fator que chama aten\u00e7\u00e3o \u00e9 o custo de produ\u00e7\u00e3o&#13;\n                            <\/p>\n<\/p><\/div>\n<div class=\"container\">\n<div class=\"row\">\n<div class=\"col-lg p-0\">\n<div>\n<div class=\"block-news-main-infos mt-3 text-start\">\n<p>                                            <strong class=\"fn\" itemprop=\"author\" style=\"color: rgb(112, 112, 112); \">&#13;<br \/>\n                                                Agrolink&#13;<br \/>\n&#13;<br \/>\n                                                    &#8211; Leonardo Gottems&#13;<br \/>\n&#13;<br \/>\n                                            <\/strong><br \/>\n                                        <\/p>\n<p>                                            <abbr><time datetime=\"2026 - 04 - 08T09:59\" itemprop=\"datePublished dateModified\"> Publicado em 08\/04\/2026 \u00e0s 09:59h.<\/time><\/abbr>\n                                    <\/div>\n<\/p><\/div>\n<\/p><\/div>\n<div class=\"col-lg p-0 text-lg-end\">\n<div>\n<div id=\"mdEnviarPagina\" class=\"modal fade\" role=\"dialog\">\n<div class=\"modal-dialog\">\n<div class=\"modal-content\">\n<div class=\"modal-body\">\n<p><strong>Estimado usu\u00e1rio.<\/strong><br \/>Preencha o formul\u00e1rio abaixo para remeter a p\u00e1gina.<\/p>\n<\/p><\/div>\n<\/p><\/div>\n<\/p><\/div>\n<\/div><\/div>\n<\/p><\/div>\n<\/p><\/div>\n<\/p><\/div>\n<\/p><\/div>\n<\/p><\/div>\n<div class=\"row justify-content-md-center mt-3\">\n<div class=\"col-lg-auto col-image block-news-main-image\">\n<p>                                <br \/>\n                                                <span class=\"d-block mt-1\">Outro fator que chama aten\u00e7\u00e3o \u00e9 o custo de produ\u00e7\u00e3o &#8211; Foto: Divulga\u00e7\u00e3o <\/span><\/p><\/div>\n<\/p><\/div>\n<div class=\"section-description section-description-noticias mt-3\">\n<p>O mercado do arroz apresenta sinais relevantes em 2026, em meio a um cen\u00e1rio de aten\u00e7\u00e3o por parte dos agentes da cadeia produtiva. As informa\u00e7\u00f5es foram apresentadas por Sergio Cardoso, diretor de opera\u00e7\u00f5es na Itaobi Representa\u00e7\u00f5es.<\/p>\n<p>A an\u00e1lise indica que a colheita ocorre em ritmo mais lento do que no ano anterior, enquanto os pre\u00e7os permanecem estabilizados na faixa entre R$ 60 e R$ 62 por saco. Ao mesmo tempo, produtores adotam uma postura de reten\u00e7\u00e3o do produto, o que contribui para um ambiente de menor oferta imediata no mercado.&#13;\n<\/p>\n<p>Outro fator que chama aten\u00e7\u00e3o \u00e9 o custo de produ\u00e7\u00e3o, atualmente estimado entre R$ 70 e R$ 80 por saco. Esse descompasso entre custo e pre\u00e7o influencia diretamente as decis\u00f5es do produtor e ajuda a explicar a resist\u00eancia na comercializa\u00e7\u00e3o. Mesmo com o avan\u00e7o da colheita, o arroz n\u00e3o apresentou queda significativa de pre\u00e7os, o que refor\u00e7a a percep\u00e7\u00e3o de um mercado travado.<\/p>\n<p>A avalia\u00e7\u00e3o tamb\u00e9m aponta que o foco n\u00e3o est\u00e1 apenas no valor atual, mas nas condi\u00e7\u00f5es que est\u00e3o se formando para os pr\u00f3ximos movimentos. O comportamento dos produtores, aliado aos custos elevados, pode impactar a disponibilidade do produto em momentos mais cr\u00edticos do abastecimento.&#13;\n<\/p>\n<p>Al\u00e9m disso, fatores externos como tens\u00f5es internacionais, custos de energia e fertilizantes j\u00e1 exercem press\u00e3o sobre o setor agropecu\u00e1rio, criando um ambiente de incerteza. H\u00e1 ainda o risco de redu\u00e7\u00e3o na oferta futura, caso as condi\u00e7\u00f5es atuais influenciem o planejamento da pr\u00f3xima safra.<\/p>\n<p>O cen\u00e1rio indica que a entrada do restante da produ\u00e7\u00e3o poder\u00e1 redefinir o comportamento do mercado, exigindo aten\u00e7\u00e3o de produtores, ind\u00fastria e varejo. As movimenta\u00e7\u00f5es atuais t\u00eam potencial de impactar diretamente o consumidor final, refletindo no pre\u00e7o do alimento no dia a dia.<br \/>&#13;<br \/>\n\u00a0&#13;\n<\/p>\n<\/p><\/div>\n<\/p><\/div>\n<p><script data-cfasync=\"false\">\n    !function (f, b, e, v, n, t, s) {\n        if (f.fbq) return; n = f.fbq = function () {\n            n.callMethod ?\n                n.callMethod.apply(n, arguments) : n.queue.push(arguments)\n        };\n        if (!f._fbq) f._fbq = n; n.push = n; n.loaded = !0; n.version = '2.0';\n        n.queue = []; t = b.createElement(e); t.async = !0;\n        t.src = v; s = b.getElementsByTagName(e)[0];\n        s.parentNode.insertBefore(t, s)\n    }(window, document, 'script',\n        'https:\/\/connect.facebook.net\/en_US\/fbevents.js');\n    fbq('init', '522546078623747');\n    fbq('track', 'PageView');\n<\/script><br \/>\n<br \/><br \/>\n<br \/>Fonte: <a href=\"https:\/\/www.agrolink.com.br\/noticias\/alerta-no-arroz--cenario-pode-mudar-rapido_512851.html\">AGROLINK<\/a><\/p>\n","protected":false},"excerpt":{"rendered":"<p>&#13; Outro fator que chama aten\u00e7\u00e3o \u00e9 o custo de produ\u00e7\u00e3o&#13; &#13; Agrolink&#13; &#13; &#8211; Leonardo Gottems&#13; &#13; Publicado em 08\/04\/2026 \u00e0s 09:59h. Estimado usu\u00e1rio.Preencha o formul\u00e1rio abaixo para remeter a p\u00e1gina. Outro fator que chama aten\u00e7\u00e3o \u00e9 o custo de produ\u00e7\u00e3o &#8211; Foto: Divulga\u00e7\u00e3o O mercado do arroz apresenta sinais relevantes em 2026, em [&hellip;]<\/p>\n","protected":false},"author":5,"featured_media":36422,"comment_status":"open","ping_status":"open","sticky":false,"template":"","format":"standard","meta":{"_seopress_robots_primary_cat":"","_seopress_titles_title":"","_seopress_titles_desc":"","_seopress_robots_index":"","footnotes":""},"categories":[53],"tags":[],"class_list":["post-71823","post","type-post","status-publish","format-standard","has-post-thumbnail","hentry","category-agronegocio"],"_links":{"self":[{"href":"https:\/\/mussicom.com\/noticias\/wp-json\/wp\/v2\/posts\/71823","targetHints":{"allow":["GET"]}}],"collection":[{"href":"https:\/\/mussicom.com\/noticias\/wp-json\/wp\/v2\/posts"}],"about":[{"href":"https:\/\/mussicom.com\/noticias\/wp-json\/wp\/v2\/types\/post"}],"author":[{"embeddable":true,"href":"https:\/\/mussicom.com\/noticias\/wp-json\/wp\/v2\/users\/5"}],"replies":[{"embeddable":true,"href":"https:\/\/mussicom.com\/noticias\/wp-json\/wp\/v2\/comments?post=71823"}],"version-history":[{"count":0,"href":"https:\/\/mussicom.com\/noticias\/wp-json\/wp\/v2\/posts\/71823\/revisions"}],"wp:featuredmedia":[{"embeddable":true,"href":"https:\/\/mussicom.com\/noticias\/wp-json\/wp\/v2\/media\/36422"}],"wp:attachment":[{"href":"https:\/\/mussicom.com\/noticias\/wp-json\/wp\/v2\/media?parent=71823"}],"wp:term":[{"taxonomy":"category","embeddable":true,"href":"https:\/\/mussicom.com\/noticias\/wp-json\/wp\/v2\/categories?post=71823"},{"taxonomy":"post_tag","embeddable":true,"href":"https:\/\/mussicom.com\/noticias\/wp-json\/wp\/v2\/tags?post=71823"}],"curies":[{"name":"wp","href":"https:\/\/api.w.org\/{rel}","templated":true}]}}