{"id":71808,"date":"2026-04-08T09:22:20","date_gmt":"2026-04-08T12:22:20","guid":{"rendered":"https:\/\/mussicom.com\/direcao-nacional-se-diz-indignada-com-permanencia-de-marina-silva-na-rede\/"},"modified":"2026-04-08T09:22:20","modified_gmt":"2026-04-08T12:22:20","slug":"direcao-nacional-se-diz-indignada-com-permanencia-de-marina-silva-na-rede","status":"publish","type":"post","link":"https:\/\/mussicom.com\/noticias\/direcao-nacional-se-diz-indignada-com-permanencia-de-marina-silva-na-rede\/","title":{"rendered":"Dire\u00e7\u00e3o nacional se diz indignada com perman\u00eancia de Marina Silva na Rede"},"content":{"rendered":"<p> <br \/>\n<\/p>\n<div id=\"tp-post-content\">\n<p class=\"postParagraph_post-paragraph__juWZN postParagraph_post-paragraph-innerHtml__Q5vwc\">A dire\u00e7\u00e3o nacional da Rede se disse perplexa e indignada com a decis\u00e3o da ex-ministra do Meio Ambiente Marina Silva de permanecer na legenda. A tens\u00e3o entre a legenda e sua fundadora envolveu uma troca de notas oficiais que evidenciou ainda mais o racha. O partido diz que jamais sugeriu sua sa\u00edda, mesmo com o apoio \u00e0 candidatura presidencial de A\u00e9cio Neves (PSDB) em 2014, ao impeachment da ex-presidente Dilma Rousseff (PT) ou \u00e0 interven\u00e7\u00e3o federal no Rio de Janeiro em 2018. Marina ainda \u00e9 acusada de se recusar a dialogar com a c\u00fapula.<\/p>\n<p class=\"postParagraph_post-paragraph__juWZN postParagraph_post-paragraph-innerHtml__Q5vwc\">&#8220;N\u00e3o atender pretens\u00f5es pessoais de uma lideran\u00e7a n\u00e3o \u00e9 autoritarismo. \u00c9 compromisso com a vida democr\u00e1tica interna. Democracia exige respeito \u00e0s decis\u00f5es coletivas, e n\u00e3o o direito de uma minoria de paralisar o partido, judicializar impasses pol\u00edticos ou tentar bloquear suas contas&#8221;, diz a nota da legenda, assinada no \u00faltimo domingo (5) e divulgada nesta ter\u00e7a-feira (7).<\/p>\n<p class=\"postParagraph_post-paragraph__juWZN postParagraph_post-paragraph-innerHtml__Q5vwc\">Ao anunciar que n\u00e3o mudaria de partido, Marina alegou que pretende trabalhar na &#8220;restaura\u00e7\u00e3o dos princ\u00edpios e valores da Rede&#8221;, e usou o manifesto de funda\u00e7\u00e3o para refor\u00e7ar seu posicionamento.<\/p>\n<p class=\"postParagraph_post-paragraph__juWZN postParagraph_post-paragraph-innerHtml__Q5vwc\">Na nota, ela cita a inten\u00e7\u00e3o de fortalecer alian\u00e7as com o PSOL, com quem a sigla comp\u00f5e uma federa\u00e7\u00e3o, e com outros cinco partidos, incluindo o PT, do presidente Lula, o PSB, do vice-presidente Geraldo Alckmin, o PV, tamb\u00e9m ligado ao ambientalismo, al\u00e9m do PDT e do PCdoB. Marina classifica esses partidos como &#8220;legendas que n\u00e3o se deixam capturar pelo autoritarismo e pelo negacionismo&#8221;.<\/p>\n<p class=\"postParagraph_post-paragraph__juWZN postParagraph_post-paragraph-innerHtml__Q5vwc\">Na mesma postagem, o coordenador de comunica\u00e7\u00e3o da Rede, Marco Mills Martins, chamou a manifesta\u00e7\u00e3o de &#8220;desrespeitosa&#8221; e &#8220;repleta de inverdades&#8221;, acusando a c\u00fapula de n\u00e3o submet\u00ea-la \u00e0 aprova\u00e7\u00e3o dos membros. Ele pediu que &#8220;seja apurado o uso indevido das redes do partido para este fim.&#8221;<\/p>\n<div class=\"postViewMore_post-view-more-container___5wai\" data-mrf-recirculation=\"Post - Veja tamb\u00e9m\">\n<p class=\"gp-styles-module-size-small-afeYRa gp-styles-module-font-family2-afeYRa gp-styles-module-color-secondary-afeYRa gp-styles-module-weight-bold-afeYRa\">VEJA TAMB\u00c9M:<\/p>\n<ul class=\"postViewMore_post-view-more-list__CU_CE\">\n<li class=\"postViewMore_post-view-more-item__2MzRb\"><span class=\"postViewMore_post-view-more-link-icon___stPC\"><svg xmlns=\"http:\/\/www.w3.org\/2000\/svg\" width=\"16\" height=\"16\" viewbox=\"0 0 16 16\"><rect width=\"16\" height=\"16\" fill=\"none\"\/><g transform=\"translate(3 3)\"><path d=\"M22.5,15l3.4,3.4-3.4,3.4\" transform=\"translate(-15.896 -11.793)\" fill=\"none\" stroke=\"#717171\" stroke-linecap=\"round\" stroke-width=\"1.4\"\/><path d=\"M6,6v4.2a2.452,2.452,0,0,0,2.5,2.4H16\" transform=\"translate(-6 -6)\" fill=\"none\" stroke=\"#717171\" stroke-linecap=\"round\" stroke-width=\"1.4\"\/><\/g><\/svg><\/span><span class=\"postViewMore_post-view-more-link-text__hO_kM\">Helo\u00edsa Helena volta \u00e0 C\u00e2mara ap\u00f3s 18 anos e promete enfrentar Lula<\/span><\/li>\n<li class=\"postViewMore_post-view-more-item__2MzRb\"><span class=\"postViewMore_post-view-more-link-icon___stPC\"><svg xmlns=\"http:\/\/www.w3.org\/2000\/svg\" width=\"16\" height=\"16\" viewbox=\"0 0 16 16\"><rect width=\"16\" height=\"16\" fill=\"none\"\/><g transform=\"translate(3 3)\"><path d=\"M22.5,15l3.4,3.4-3.4,3.4\" transform=\"translate(-15.896 -11.793)\" fill=\"none\" stroke=\"#717171\" stroke-linecap=\"round\" stroke-width=\"1.4\"\/><path d=\"M6,6v4.2a2.452,2.452,0,0,0,2.5,2.4H16\" transform=\"translate(-6 -6)\" fill=\"none\" stroke=\"#717171\" stroke-linecap=\"round\" stroke-width=\"1.4\"\/><\/g><\/svg><\/span><span class=\"postViewMore_post-view-more-link-text__hO_kM\">Federa\u00e7\u00e3o Psol-Rede oficializa apoio a Lula nas elei\u00e7\u00f5es e veta coliga\u00e7\u00f5es regionais<\/span><\/li>\n<\/ul>\n<\/div>\n<h2 class=\"postParagraph_post-paragraph__juWZN postParagraph_post-paragraph-innerHtml__Q5vwc postParagraph_type-tag-h2__TtFkT\">Conflito na Rede envolve Helo\u00edsa Helena<\/h2>\n<div class=\"postImage_post-content-image__2CJdu\"><picture class=\"imageDefault_image-container__XGd8_\"><source type=\"image\/webp\" srcset=\"https:\/\/media.gazetadopovo.com.br\/2026\/04\/08090047\/img20260331142945017-1-1280x720.jpg.webp 1280w, https:\/\/media.gazetadopovo.com.br\/2026\/04\/08090047\/img20260331142945017-1-960x540.jpg.webp 960w, https:\/\/media.gazetadopovo.com.br\/2026\/04\/08090047\/img20260331142945017-1-660x372.jpg.webp 660w, https:\/\/media.gazetadopovo.com.br\/2026\/04\/08090047\/img20260331142945017-1-540x333.jpg.webp 540w, https:\/\/media.gazetadopovo.com.br\/2026\/04\/08090047\/img20260331142945017-1-380x214.jpg.webp 380w, https:\/\/media.gazetadopovo.com.br\/2026\/04\/08090047\/img20260331142945017-1-720x720.jpg.webp 720w, https:\/\/media.gazetadopovo.com.br\/2026\/04\/08090047\/img20260331142945017-1-540x540.jpg.webp 540w, https:\/\/media.gazetadopovo.com.br\/2026\/04\/08090047\/img20260331142945017-1-372x372.jpg.webp 372w, https:\/\/media.gazetadopovo.com.br\/2026\/04\/08090047\/img20260331142945017-1-214x214.jpg.webp 214w, https:\/\/media.gazetadopovo.com.br\/2026\/04\/08090047\/img20260331142945017-1.jpg.webp 1984w\" sizes=\"(max-width: 767px) 328px, 638px\"\/><source type=\"image\/jpeg\" srcset=\"https:\/\/media.gazetadopovo.com.br\/2026\/04\/08090047\/img20260331142945017-1-1280x720.jpg.webp 1280w, https:\/\/media.gazetadopovo.com.br\/2026\/04\/08090047\/img20260331142945017-1-960x540.jpg.webp 960w, https:\/\/media.gazetadopovo.com.br\/2026\/04\/08090047\/img20260331142945017-1-660x372.jpg.webp 660w, https:\/\/media.gazetadopovo.com.br\/2026\/04\/08090047\/img20260331142945017-1-540x333.jpg.webp 540w, https:\/\/media.gazetadopovo.com.br\/2026\/04\/08090047\/img20260331142945017-1-380x214.jpg.webp 380w, https:\/\/media.gazetadopovo.com.br\/2026\/04\/08090047\/img20260331142945017-1-720x720.jpg.webp 720w, https:\/\/media.gazetadopovo.com.br\/2026\/04\/08090047\/img20260331142945017-1-540x540.jpg.webp 540w, https:\/\/media.gazetadopovo.com.br\/2026\/04\/08090047\/img20260331142945017-1-372x372.jpg.webp 372w, https:\/\/media.gazetadopovo.com.br\/2026\/04\/08090047\/img20260331142945017-1-214x214.jpg.webp 214w, https:\/\/media.gazetadopovo.com.br\/2026\/04\/08090047\/img20260331142945017-1.jpg.webp 1984w\" sizes=\"(max-width: 767px) 328px, 638px\"\/><\/picture><i class=\"postImage_post-image-caption__yoE82\">De perfil cr\u00edtico a Lula, deputada federal busca a lideran\u00e7a da legenda. <!-- --> <!-- -->(Foto: Kayo Magalhaes\/Rede)<\/i><\/div>\n<p class=\"postParagraph_post-paragraph__juWZN postParagraph_post-paragraph-innerHtml__Q5vwc\">A divis\u00e3o interna \u00e9 protagonizada, do outro lado, pela deputada federal Helo\u00edsa Helena (Rede-RJ). As duas travam uma batalha na Justi\u00e7a pela presid\u00eancia, em meio a uma a\u00e7\u00e3o que inclui acusa\u00e7\u00f5es de irregularidades em congressos internos. Na nota, a Rede acusa Marina de praticar <em>lawfare<\/em>, termo utilizado para se referir ao uso do Judici\u00e1rio como campo de batalha pol\u00edtica.<\/p>\n<p class=\"postParagraph_post-paragraph__juWZN postParagraph_post-paragraph-innerHtml__Q5vwc\">&#8220;Ao contr\u00e1rio do que se tenta fazer crer, a Justi\u00e7a n\u00e3o anulou o 5\u00ba Congresso Nacional da Rede. A maior parte das a\u00e7\u00f5es foi rejeitada, e a atual dire\u00e7\u00e3o segue plenamente reconhecida, inclusive com integrantes do grupo de Marina em sua composi\u00e7\u00e3o&#8221;, alega.<\/p>\n<p class=\"postParagraph_post-paragraph__juWZN postParagraph_post-paragraph-innerHtml__Q5vwc\">Ao final, a dire\u00e7\u00e3o nacional argumenta que todos os que quiserem se filiar s\u00e3o bem-vindos, desde que respeitem &#8220;as regras partid\u00e1rias e do bom conv\u00edvio&#8221;. Sobre os palanques para 2026, a nota afirma que as decis\u00f5es &#8220;ser\u00e3o tomadas no \u00e2mbito do partido com di\u00e1logo e bom senso, mas de forma altiva e sem interfer\u00eancias externas&#8221;.<\/p>\n<\/div>\n<p><br \/>\n<br \/>Fonte: <a href=\"https:\/\/www.gazetadopovo.com.br\/republica\/direcao-nacional-se-diz-indignada-com-permanencia-de-marina-silva-na-rede\/\">Revista Oeste<\/a><\/p>\n","protected":false},"excerpt":{"rendered":"<p>A dire\u00e7\u00e3o nacional da Rede se disse perplexa e indignada com a decis\u00e3o da ex-ministra do Meio Ambiente Marina Silva de permanecer na legenda. A tens\u00e3o entre a legenda e sua fundadora envolveu uma troca de notas oficiais que evidenciou ainda mais o racha. O partido diz que jamais sugeriu sua sa\u00edda, mesmo com o [&hellip;]<\/p>\n","protected":false},"author":5,"featured_media":71809,"comment_status":"open","ping_status":"open","sticky":false,"template":"","format":"standard","meta":{"_seopress_robots_primary_cat":"","_seopress_titles_title":"","_seopress_titles_desc":"","_seopress_robots_index":"","footnotes":""},"categories":[1],"tags":[],"class_list":["post-71808","post","type-post","status-publish","format-standard","has-post-thumbnail","hentry","category-ultimas-noticias"],"_links":{"self":[{"href":"https:\/\/mussicom.com\/noticias\/wp-json\/wp\/v2\/posts\/71808","targetHints":{"allow":["GET"]}}],"collection":[{"href":"https:\/\/mussicom.com\/noticias\/wp-json\/wp\/v2\/posts"}],"about":[{"href":"https:\/\/mussicom.com\/noticias\/wp-json\/wp\/v2\/types\/post"}],"author":[{"embeddable":true,"href":"https:\/\/mussicom.com\/noticias\/wp-json\/wp\/v2\/users\/5"}],"replies":[{"embeddable":true,"href":"https:\/\/mussicom.com\/noticias\/wp-json\/wp\/v2\/comments?post=71808"}],"version-history":[{"count":0,"href":"https:\/\/mussicom.com\/noticias\/wp-json\/wp\/v2\/posts\/71808\/revisions"}],"wp:featuredmedia":[{"embeddable":true,"href":"https:\/\/mussicom.com\/noticias\/wp-json\/wp\/v2\/media\/71809"}],"wp:attachment":[{"href":"https:\/\/mussicom.com\/noticias\/wp-json\/wp\/v2\/media?parent=71808"}],"wp:term":[{"taxonomy":"category","embeddable":true,"href":"https:\/\/mussicom.com\/noticias\/wp-json\/wp\/v2\/categories?post=71808"},{"taxonomy":"post_tag","embeddable":true,"href":"https:\/\/mussicom.com\/noticias\/wp-json\/wp\/v2\/tags?post=71808"}],"curies":[{"name":"wp","href":"https:\/\/api.w.org\/{rel}","templated":true}]}}