{"id":71804,"date":"2026-04-08T08:24:26","date_gmt":"2026-04-08T11:24:26","guid":{"rendered":"https:\/\/mussicom.com\/sao-vicente-amplia-publico-alvo-na-vacinacao-contra-a-gripe\/"},"modified":"2026-04-08T08:24:26","modified_gmt":"2026-04-08T11:24:26","slug":"sao-vicente-amplia-publico-alvo-na-vacinacao-contra-a-gripe","status":"publish","type":"post","link":"https:\/\/mussicom.com\/noticias\/sao-vicente-amplia-publico-alvo-na-vacinacao-contra-a-gripe\/","title":{"rendered":"S\u00e3o Vicente amplia p\u00fablico-alvo na vacina\u00e7\u00e3o contra a gripe"},"content":{"rendered":"<p> <br \/>\n<\/p>\n<div>\n<p>A Secretaria da Sa\u00fade (Sesau) de S\u00e3o Vicente informa que, a partir desta quarta-feira (8), profissionais da sa\u00fade e da educa\u00e7\u00e3o passam a integrar o p\u00fablico-alvo da campanha de vacina\u00e7\u00e3o contra a gripe, que j\u00e1 inclui idosos de 60 anos ou mais, crian\u00e7as menores de 6 anos e gestantes.<\/p>\n<p>A vacina est\u00e1 dispon\u00edvel nas 26 unidades b\u00e1sicas de sa\u00fade das \u00e1reas Insular e Continental da cidade, que funcionam de segunda a sexta-feira, das 9h \u00e0s 16h30 e tamb\u00e9m no posto de vacina\u00e7\u00e3o do Brisamar Shopping, localizado no 4\u00ba andar (em frente aos elevadores do estacionamento G5), com atendimento de segunda a s\u00e1bado, das 10h \u00e0s 19h.<\/p>\n<p>Para receber a dose, basta apresentar um documento com foto, carteirinha de vacina\u00e7\u00e3o, comprovante de resid\u00eancia e de trabalho.<\/p>\n<\/div>\n<p><br \/>\n<br \/>Fonte: <a href=\"https:\/\/jornaldaorla.com.br\/noticias\/sao-vicente-amplia-publico-alvo-na-vacinacao-contra-a-gripe\/\">Jornal Da Orla<\/a><\/p>\n","protected":false},"excerpt":{"rendered":"<p>A Secretaria da Sa\u00fade (Sesau) de S\u00e3o Vicente informa que, a partir desta quarta-feira (8), profissionais da sa\u00fade e da educa\u00e7\u00e3o passam a integrar o p\u00fablico-alvo da campanha de vacina\u00e7\u00e3o contra a gripe, que j\u00e1 inclui idosos de 60 anos ou mais, crian\u00e7as menores de 6 anos e gestantes. A vacina est\u00e1 dispon\u00edvel nas 26 [&hellip;]<\/p>\n","protected":false},"author":5,"featured_media":49679,"comment_status":"open","ping_status":"open","sticky":false,"template":"","format":"standard","meta":{"_seopress_robots_primary_cat":"","_seopress_titles_title":"","_seopress_titles_desc":"","_seopress_robots_index":"","footnotes":""},"categories":[52],"tags":[],"class_list":["post-71804","post","type-post","status-publish","format-standard","has-post-thumbnail","hentry","category-santoseregiao"],"_links":{"self":[{"href":"https:\/\/mussicom.com\/noticias\/wp-json\/wp\/v2\/posts\/71804","targetHints":{"allow":["GET"]}}],"collection":[{"href":"https:\/\/mussicom.com\/noticias\/wp-json\/wp\/v2\/posts"}],"about":[{"href":"https:\/\/mussicom.com\/noticias\/wp-json\/wp\/v2\/types\/post"}],"author":[{"embeddable":true,"href":"https:\/\/mussicom.com\/noticias\/wp-json\/wp\/v2\/users\/5"}],"replies":[{"embeddable":true,"href":"https:\/\/mussicom.com\/noticias\/wp-json\/wp\/v2\/comments?post=71804"}],"version-history":[{"count":0,"href":"https:\/\/mussicom.com\/noticias\/wp-json\/wp\/v2\/posts\/71804\/revisions"}],"wp:featuredmedia":[{"embeddable":true,"href":"https:\/\/mussicom.com\/noticias\/wp-json\/wp\/v2\/media\/49679"}],"wp:attachment":[{"href":"https:\/\/mussicom.com\/noticias\/wp-json\/wp\/v2\/media?parent=71804"}],"wp:term":[{"taxonomy":"category","embeddable":true,"href":"https:\/\/mussicom.com\/noticias\/wp-json\/wp\/v2\/categories?post=71804"},{"taxonomy":"post_tag","embeddable":true,"href":"https:\/\/mussicom.com\/noticias\/wp-json\/wp\/v2\/tags?post=71804"}],"curies":[{"name":"wp","href":"https:\/\/api.w.org\/{rel}","templated":true}]}}