{"id":71768,"date":"2026-04-08T04:19:42","date_gmt":"2026-04-08T07:19:42","guid":{"rendered":"https:\/\/mussicom.com\/ira-esta-disposto-a-aceitar-acordo-sobre-cessar-fogo-com-os-eua\/"},"modified":"2026-04-08T04:19:42","modified_gmt":"2026-04-08T07:19:42","slug":"ira-esta-disposto-a-aceitar-acordo-sobre-cessar-fogo-com-os-eua","status":"publish","type":"post","link":"https:\/\/mussicom.com\/noticias\/ira-esta-disposto-a-aceitar-acordo-sobre-cessar-fogo-com-os-eua\/","title":{"rendered":"Ir\u00e3 est\u00e1 disposto a aceitar acordo sobre cessar-fogo com os EUA"},"content":{"rendered":"<p> <br \/>\n<\/p>\n<div id=\"tp-post-content\">\n<p class=\"postParagraph_post-paragraph__juWZN postParagraph_post-paragraph-innerHtml__Q5vwc\">O regime do Ir\u00e3 estaria disposto a aceitar o acordo de cessar-fogo proposto pelo Paquist\u00e3o, a poucas horas do fim do prazo estabelecido pelo presidente dos Estados Unidos, Donald Trump, para que Teer\u00e3 reabra o Estreito de Ormuz ou sofra ataques americanos contra sua infraestrutura energ\u00e9tica. A proposta paquistanesa, apresentada nesta tarde, prev\u00ea uma tr\u00e9gua de duas semanas na guerra em curso no Oriente M\u00e9dio para permitir o avan\u00e7o das negocia\u00e7\u00f5es diplom\u00e1ticas entre iranianos e americanos.<\/p>\n<p class=\"postParagraph_post-paragraph__juWZN postParagraph_post-paragraph-innerHtml__Q5vwc\">Segundo uma fonte iraniana ouvida pelo portal \u00e1rabe <em>Al-Araby Al-Jadeed<\/em>, Teer\u00e3 est\u00e1 inclinada a aceitar o cessar-fogo \u201cem respeito ao mediador paquistan\u00eas e a v\u00e1rios pa\u00edses amigos\u201d, com o \u201cobjetivo de conceder mais tempo \u00e0 diplomacia\u201d. De acordo com a mesma fonte, o Ir\u00e3 v\u00ea o per\u00edodo de tr\u00e9gua como uma oportunidade para buscar um acordo mais amplo com a Casa Branca.<\/p>\n<p class=\"postParagraph_post-paragraph__juWZN postParagraph_post-paragraph-innerHtml__Q5vwc\">O plano apresentado pelo primeiro-ministro do Paquist\u00e3o, Shehbaz Sharif, inclui dois pontos centrais: a suspens\u00e3o das hostilidades por duas semanas e a reabertura do Estreito de Ormuz durante esse per\u00edodo como gesto de boa vontade por parte de Teer\u00e3.<\/p>\n<p class=\"postParagraph_post-paragraph__juWZN postParagraph_post-paragraph-innerHtml__Q5vwc\">Conforme relatos de fontes ouvidas pela imprensa internacional, as negocia\u00e7\u00f5es entre Estados Unidos e Ir\u00e3 entraram em uma fase decisiva nas \u00faltimas horas, com media\u00e7\u00e3o direta de autoridades paquistanesas. Segundo informa\u00e7\u00f5es divulgadas pela <em>CNN<\/em>, h\u00e1 expectativa de avan\u00e7os antes do t\u00e9rmino do ultimato imposto por Trump.<\/p>\n<p class=\"postParagraph_post-paragraph__juWZN postParagraph_post-paragraph-innerHtml__Q5vwc\">De acordo com a ag\u00eancia <em>Reuters<\/em>, um alto funcion\u00e1rio iraniano afirmou que Teer\u00e3 avalia positivamente a proposta de tr\u00e9gua, enquanto o governo americano j\u00e1 foi informado da iniciativa e deve apresentar uma resposta oficial.<\/p>\n<p class=\"postParagraph_post-paragraph__juWZN postParagraph_post-paragraph-innerHtml__Q5vwc\">O prazo dado por Trump para que o Ir\u00e3 reabra completamente o Estreito de Ormuz termina na noite desta ter\u00e7a-feira (7), \u00e0s 21h pelo hor\u00e1rio de Bras\u00edlia. O presidente americano chegou a amea\u00e7ar uma ofensiva militar de grande escala, afirmando que poderia atingir toda a infraestrutura estrat\u00e9gica do pa\u00eds caso suas exig\u00eancias n\u00e3o fossem atendidas.<\/p>\n<\/div>\n<p><br \/>\n<br \/>Fonte: <a href=\"https:\/\/www.gazetadopovo.com.br\/mundo\/ira-esta-disposto-a-aceitar-acordo-do-paquistao-sobre-cessar-fogo-com-os-eua-diz-portal\/\">Revista Oeste<\/a><\/p>\n","protected":false},"excerpt":{"rendered":"<p>O regime do Ir\u00e3 estaria disposto a aceitar o acordo de cessar-fogo proposto pelo Paquist\u00e3o, a poucas horas do fim do prazo estabelecido pelo presidente dos Estados Unidos, Donald Trump, para que Teer\u00e3 reabra o Estreito de Ormuz ou sofra ataques americanos contra sua infraestrutura energ\u00e9tica. A proposta paquistanesa, apresentada nesta tarde, prev\u00ea uma tr\u00e9gua [&hellip;]<\/p>\n","protected":false},"author":5,"featured_media":68133,"comment_status":"open","ping_status":"open","sticky":false,"template":"","format":"standard","meta":{"_seopress_robots_primary_cat":"","_seopress_titles_title":"","_seopress_titles_desc":"","_seopress_robots_index":"","footnotes":""},"categories":[48],"tags":[],"class_list":["post-71768","post","type-post","status-publish","format-standard","has-post-thumbnail","hentry","category-internacional"],"_links":{"self":[{"href":"https:\/\/mussicom.com\/noticias\/wp-json\/wp\/v2\/posts\/71768","targetHints":{"allow":["GET"]}}],"collection":[{"href":"https:\/\/mussicom.com\/noticias\/wp-json\/wp\/v2\/posts"}],"about":[{"href":"https:\/\/mussicom.com\/noticias\/wp-json\/wp\/v2\/types\/post"}],"author":[{"embeddable":true,"href":"https:\/\/mussicom.com\/noticias\/wp-json\/wp\/v2\/users\/5"}],"replies":[{"embeddable":true,"href":"https:\/\/mussicom.com\/noticias\/wp-json\/wp\/v2\/comments?post=71768"}],"version-history":[{"count":0,"href":"https:\/\/mussicom.com\/noticias\/wp-json\/wp\/v2\/posts\/71768\/revisions"}],"wp:featuredmedia":[{"embeddable":true,"href":"https:\/\/mussicom.com\/noticias\/wp-json\/wp\/v2\/media\/68133"}],"wp:attachment":[{"href":"https:\/\/mussicom.com\/noticias\/wp-json\/wp\/v2\/media?parent=71768"}],"wp:term":[{"taxonomy":"category","embeddable":true,"href":"https:\/\/mussicom.com\/noticias\/wp-json\/wp\/v2\/categories?post=71768"},{"taxonomy":"post_tag","embeddable":true,"href":"https:\/\/mussicom.com\/noticias\/wp-json\/wp\/v2\/tags?post=71768"}],"curies":[{"name":"wp","href":"https:\/\/api.w.org\/{rel}","templated":true}]}}