{"id":7174,"date":"2025-03-22T04:32:19","date_gmt":"2025-03-22T07:32:19","guid":{"rendered":"https:\/\/www.mussicom.com\/deltan-dallagnol-critica-stf-por-punir-cabeleireira-e-livrar-doleiro\/"},"modified":"2025-03-22T04:32:19","modified_gmt":"2025-03-22T07:32:19","slug":"deltan-dallagnol-critica-stf-por-punir-cabeleireira-e-livrar-doleiro","status":"publish","type":"post","link":"https:\/\/mussicom.com\/noticias\/deltan-dallagnol-critica-stf-por-punir-cabeleireira-e-livrar-doleiro\/","title":{"rendered":"Deltan Dallagnol critica STF por punir cabeleireira e livrar doleiro"},"content":{"rendered":"<p> <br \/>\n<\/p>\n<div id=\"hd80s9wa1h892edh8192\">\n<p>Deltan Dallagnol, ex-deputado federal e ex-procurador da <strong>Lava Jato<\/strong>, usou as redes sociais para criticar o <strong>Supremo Tribunal Federal<\/strong> (STF). Em publica\u00e7\u00e3o feita no X nesta sexta-feira, 21, ele questionou a coer\u00eancia da Corte ao comparar duas decis\u00f5es recentes.<\/p>\n<p><strong>+ Leia mais not\u00edcias de Pol\u00edtica em Oeste<\/strong><\/p>\n<p>\u201cOntem mesmo, o ministro Gilmar Mendes trancou uma a\u00e7\u00e3o penal contra o doleiro Chaaya Moghrabi, acusado pela Lava Jato de ter movimentado US$ 239,7 milh\u00f5es\u201d, escreveu Deltan Dallagnol. \u201cO mesmo STF hoje condena Debora Rodrigues a 14 anos de pris\u00e3o por pichar uma est\u00e1tua com batom.\u201d<\/p>\n<p>Nesta quinta-feira, 20, Gilmar Mendes determinou o trancamento da a\u00e7\u00e3o penal contra Moghrabi, acusado de operar esquemas de lavagem de bilh\u00f5es de reais em nome de empreiteiras envolvidas na Lava Jato. Nesta sexta-feira, o STF formou maioria para condenar D\u00e9bora Rodrigues a 14 anos de pris\u00e3o pelos atos de 8 de janeiro.<\/p>\n<figure class=\"wp-block-embed is-type-rich is-provider-twitter wp-block-embed-twitter\">\n<div class=\"wp-block-embed__wrapper\">\n<blockquote class=\"twitter-tweet\" data-width=\"500\" data-dnt=\"true\">\n<p lang=\"pt\" dir=\"ltr\">Ontem mesmo, o ministro Gilmar Mendes trancou uma a\u00e7\u00e3o penal contra o doleiro Chaaya Moghrabi, acusado pela Lava Jato de ter movimentado US$ 239,7 milh\u00f5es.<\/p>\n<p>O mesmo STF hoje condena Debora Rodrigues a 14 anos de pris\u00e3o por pichar uma est\u00e1tua com batom.<\/p>\n<p>Como algu\u00e9m defende isso?<\/p>\n<p>\u2014 Deltan Dallagnol (@deltanmd) <a href=\"https:\/\/twitter.com\/deltanmd\/status\/1903096649326407912?ref_src=twsrc%5Etfw\">March 21, 2025<\/a><\/p><\/blockquote>\n<\/div>\n<\/figure>\n<p>Segundo a den\u00fancia, D\u00e9bora escreveu com batom sobre a est\u00e1tua da Justi\u00e7a e ingressou no <strong>Pal\u00e1cio do Planalto<\/strong>. A jovem, no entanto, n\u00e3o foi flagrada praticando vandalismo nem viol\u00eancia contra pessoas. A defesa alegou que ela n\u00e3o integrava organiza\u00e7\u00f5es e que n\u00e3o houve dano permanente.<\/p>\n<p>Mesmo assim, os ministros a condenaram pelos crimes de associa\u00e7\u00e3o criminosa armada, dano qualificado e tentativa de aboli\u00e7\u00e3o violenta do Estado Democr\u00e1tico de Direito.<\/p>\n<h2 class=\"wp-block-heading\">D\u00e9bora est\u00e1 presa preventivamente desde mar\u00e7o de 2023<\/h2>\n<p>O ministro Alexandre de Moraes votou nesta sexta-feira, 21, pela condena\u00e7\u00e3o da cabeleireira D\u00e9bora Rodrigues dos Santos a 14 anos de pris\u00e3o. Ela participou dos atos de 8 de janeiro de 2023. Na ocasi\u00e3o, escreveu com batom a frase \u201cperdeu, man\u00e9\u201d na Est\u00e1tua da Justi\u00e7a, localizada em frente ao pr\u00e9dio do STF.<\/p>\n<p>A express\u00e3o remete a uma fala do ministro Lu\u00eds Roberto Barroso. Ele a dirigiu a um manifestante nos Estados Unidos, em 2022, logo depois que o Tribunal Superior Eleitoral confirmou a vit\u00f3ria de Lula sobre Bolsonaro.<\/p>\n<p>D\u00e9bora est\u00e1 presa preventivamente desde mar\u00e7o de 2023, embora n\u00e3o tenha antecedentes criminais. O julgamento ocorre no plen\u00e1rio virtual da 1\u00aa Turma e tem previs\u00e3o de t\u00e9rmino em 28 de mar\u00e7o.<\/p>\n<p><related-posts class=\"border-y border-gray-300 py-5\"><\/p>\n<h2 class=\"!text-2xl text-black font-primary font-semibold leading-none mb-3\">\n    Leia tamb\u00e9m:<br \/>\n  <\/h2>\n<p><\/related-posts><\/p><\/div>\n<p><script async src=\"\/\/platform.twitter.com\/widgets.js\" charset=\"utf-8\"><\/script><br \/>\n<br \/><br \/>\n<br \/>Fonte: <a href=\"https:\/\/revistaoeste.com\/politica\/deltan-dallagnol-critica-stf-por-condenar-debora-e-livrar-doleiro-da-lava-jato\/\">Ag\u00eancia Brasil<\/a><\/p>\n","protected":false},"excerpt":{"rendered":"<p>Deltan Dallagnol, ex-deputado federal e ex-procurador da Lava Jato, usou as redes sociais para criticar o Supremo Tribunal Federal (STF). Em publica\u00e7\u00e3o feita no X nesta sexta-feira, 21, ele questionou a coer\u00eancia da Corte ao comparar duas decis\u00f5es recentes. + Leia mais not\u00edcias de Pol\u00edtica em Oeste \u201cOntem mesmo, o ministro Gilmar Mendes trancou uma [&hellip;]<\/p>\n","protected":false},"author":5,"featured_media":7175,"comment_status":"open","ping_status":"open","sticky":false,"template":"","format":"standard","meta":{"_seopress_robots_primary_cat":"","_seopress_titles_title":"","_seopress_titles_desc":"","_seopress_robots_index":"","footnotes":""},"categories":[47,1],"tags":[],"class_list":["post-7174","post","type-post","status-publish","format-standard","has-post-thumbnail","hentry","category-politica","category-ultimas-noticias"],"_links":{"self":[{"href":"https:\/\/mussicom.com\/noticias\/wp-json\/wp\/v2\/posts\/7174","targetHints":{"allow":["GET"]}}],"collection":[{"href":"https:\/\/mussicom.com\/noticias\/wp-json\/wp\/v2\/posts"}],"about":[{"href":"https:\/\/mussicom.com\/noticias\/wp-json\/wp\/v2\/types\/post"}],"author":[{"embeddable":true,"href":"https:\/\/mussicom.com\/noticias\/wp-json\/wp\/v2\/users\/5"}],"replies":[{"embeddable":true,"href":"https:\/\/mussicom.com\/noticias\/wp-json\/wp\/v2\/comments?post=7174"}],"version-history":[{"count":0,"href":"https:\/\/mussicom.com\/noticias\/wp-json\/wp\/v2\/posts\/7174\/revisions"}],"wp:featuredmedia":[{"embeddable":true,"href":"https:\/\/mussicom.com\/noticias\/wp-json\/wp\/v2\/media\/7175"}],"wp:attachment":[{"href":"https:\/\/mussicom.com\/noticias\/wp-json\/wp\/v2\/media?parent=7174"}],"wp:term":[{"taxonomy":"category","embeddable":true,"href":"https:\/\/mussicom.com\/noticias\/wp-json\/wp\/v2\/categories?post=7174"},{"taxonomy":"post_tag","embeddable":true,"href":"https:\/\/mussicom.com\/noticias\/wp-json\/wp\/v2\/tags?post=7174"}],"curies":[{"name":"wp","href":"https:\/\/api.w.org\/{rel}","templated":true}]}}