{"id":71721,"date":"2026-04-07T22:25:22","date_gmt":"2026-04-08T01:25:22","guid":{"rendered":"https:\/\/mussicom.com\/embaixadas-do-brasil-no-golfo-alertam-para-piora-no-conflito\/"},"modified":"2026-04-07T22:25:22","modified_gmt":"2026-04-08T01:25:22","slug":"embaixadas-do-brasil-no-golfo-alertam-para-piora-no-conflito","status":"publish","type":"post","link":"https:\/\/mussicom.com\/noticias\/embaixadas-do-brasil-no-golfo-alertam-para-piora-no-conflito\/","title":{"rendered":"Embaixadas do Brasil no Golfo alertam para piora no conflito"},"content":{"rendered":"<p> <br \/>\n<\/p>\n<div id=\"tp-post-content\">\n<p class=\"postParagraph_post-paragraph__juWZN postParagraph_post-paragraph-innerHtml__Q5vwc\">As embaixadas brasileiras em pa\u00edses localizados no Golfo P\u00e9rsico alertaram nesta ter\u00e7a-feira (7) para a escalada do conflito no Ir\u00e3. Segundo os comunicados, publicados nas redes sociais das representa\u00e7\u00f5es, \u00e9 aconselh\u00e1vel que os cidad\u00e3os considerem abandonar a regi\u00e3o do Oriente M\u00e9dio e citam a \u201cimprevisibilidade\u201d de seus desenvolvimentos.<\/p>\n<p class=\"postParagraph_post-paragraph__juWZN postParagraph_post-paragraph-innerHtml__Q5vwc\">\u201cO\u00a0conflito regional d\u00e1 sinais de escalada e n\u00e3o h\u00e1 como prever sua evolu\u00e7\u00e3o. O espa\u00e7o a\u00e9reo dos Emirados \u00c1rabes Unidos segue operando, mas sujeito a altera\u00e7\u00f5es pontuais, atrasos e eventuais restri\u00e7\u00f5es. Nesse contexto, a Embaixada recomenda aos nacionais brasileiros avaliar, em car\u00e1ter individual, a conveni\u00eancia de permanecer no pa\u00eds ou considerar deslocamento para locais mais seguros\u201d, dizem as Embaixadas.<\/p>\n<div class=\"postViewMore_post-view-more-container___5wai\" data-mrf-recirculation=\"Post - Veja tamb\u00e9m\">\n<p class=\"gp-styles-module-size-small-afeYRa gp-styles-module-font-family2-afeYRa gp-styles-module-color-secondary-afeYRa gp-styles-module-weight-bold-afeYRa\">VEJA TAMB\u00c9M:<\/p>\n<ul class=\"postViewMore_post-view-more-list__CU_CE\">\n<li class=\"postViewMore_post-view-more-item__2MzRb\"><span class=\"postViewMore_post-view-more-link-icon___stPC\"><svg xmlns=\"http:\/\/www.w3.org\/2000\/svg\" width=\"16\" height=\"16\" viewbox=\"0 0 16 16\"><rect width=\"16\" height=\"16\" fill=\"none\"\/><g transform=\"translate(3 3)\"><path d=\"M22.5,15l3.4,3.4-3.4,3.4\" transform=\"translate(-15.896 -11.793)\" fill=\"none\" stroke=\"#717171\" stroke-linecap=\"round\" stroke-width=\"1.4\"\/><path d=\"M6,6v4.2a2.452,2.452,0,0,0,2.5,2.4H16\" transform=\"translate(-6 -6)\" fill=\"none\" stroke=\"#717171\" stroke-linecap=\"round\" stroke-width=\"1.4\"\/><\/g><\/svg><\/span><span class=\"postViewMore_post-view-more-link-text__hO_kM\">Regime iraniano acusa Trump de incita\u00e7\u00e3o de genoc\u00eddio<\/span><\/li>\n<li class=\"postViewMore_post-view-more-item__2MzRb\"><span class=\"postViewMore_post-view-more-link-icon___stPC\"><svg xmlns=\"http:\/\/www.w3.org\/2000\/svg\" width=\"16\" height=\"16\" viewbox=\"0 0 16 16\"><rect width=\"16\" height=\"16\" fill=\"none\"\/><g transform=\"translate(3 3)\"><path d=\"M22.5,15l3.4,3.4-3.4,3.4\" transform=\"translate(-15.896 -11.793)\" fill=\"none\" stroke=\"#717171\" stroke-linecap=\"round\" stroke-width=\"1.4\"\/><path d=\"M6,6v4.2a2.452,2.452,0,0,0,2.5,2.4H16\" transform=\"translate(-6 -6)\" fill=\"none\" stroke=\"#717171\" stroke-linecap=\"round\" stroke-width=\"1.4\"\/><\/g><\/svg><\/span><span class=\"postViewMore_post-view-more-link-text__hO_kM\">Trump diz que &#8220;civiliza\u00e7\u00e3o inteira morrer\u00e1&#8221; nesta noite<\/span><\/li>\n<\/ul>\n<\/div>\n<p class=\"postParagraph_post-paragraph__juWZN postParagraph_post-paragraph-innerHtml__Q5vwc\">Nesta semana o presidente Donald Trump elevou o tom de amea\u00e7as contra o Ir\u00e3, dizendo que uma \u201cciviliza\u00e7\u00e3o inteira morrer\u00e1\u201d, em uma advert\u00eancia para que o pa\u00eds persa libere a circula\u00e7\u00e3o de bens no estreito de Ormuz, local por onde passa cerca de um quarto de todo o petr\u00f3leo do mundo. Ele deu at\u00e9 esta ter\u00e7a \u00e0s 21h para que o pa\u00eds retire a restri\u00e7\u00e3o \u00e0 circula\u00e7\u00e3o de embarca\u00e7\u00f5es.<\/p>\n<p class=\"postParagraph_post-paragraph__juWZN postParagraph_post-paragraph-innerHtml__Q5vwc\">O Ir\u00e3 tem visado aliados dos EUA nos pa\u00edses do golfo p\u00e9rsico em meio ao crescimento das hostilidades, nos quais est\u00e3o inclu\u00eddos os Emirados \u00c1rabes Unidos, entre outros onde h\u00e1 representa\u00e7\u00f5es brasileiras.<\/p>\n<p class=\"postParagraph_post-paragraph__juWZN postParagraph_post-paragraph-innerHtml__Q5vwc\">As embaixadas brasileiras fizeram ainda outras recomenda\u00e7\u00f5es de seguran\u00e7a para os brasileiros, entre elas a de evitar aglomera\u00e7\u00f5es e ter \u00e0 m\u00e3o equipamentos como lanternas para a eventualidade de interrup\u00e7\u00e3o no fornecimento de energia.<\/p>\n<\/div>\n<p><br \/>\n<br \/>Fonte: <a href=\"https:\/\/www.gazetadopovo.com.br\/republica\/embaixadas-do-brasil-no-golfo-alertam-para-piora-no-confito-e-aconselham-deixar-regiao\/\">Revista Oeste<\/a><\/p>\n","protected":false},"excerpt":{"rendered":"<p>As embaixadas brasileiras em pa\u00edses localizados no Golfo P\u00e9rsico alertaram nesta ter\u00e7a-feira (7) para a escalada do conflito no Ir\u00e3. Segundo os comunicados, publicados nas redes sociais das representa\u00e7\u00f5es, \u00e9 aconselh\u00e1vel que os cidad\u00e3os considerem abandonar a regi\u00e3o do Oriente M\u00e9dio e citam a \u201cimprevisibilidade\u201d de seus desenvolvimentos. \u201cO\u00a0conflito regional d\u00e1 sinais de escalada e [&hellip;]<\/p>\n","protected":false},"author":5,"featured_media":71722,"comment_status":"open","ping_status":"open","sticky":false,"template":"","format":"standard","meta":{"_seopress_robots_primary_cat":"","_seopress_titles_title":"","_seopress_titles_desc":"","_seopress_robots_index":"","footnotes":""},"categories":[1],"tags":[],"class_list":["post-71721","post","type-post","status-publish","format-standard","has-post-thumbnail","hentry","category-ultimas-noticias"],"_links":{"self":[{"href":"https:\/\/mussicom.com\/noticias\/wp-json\/wp\/v2\/posts\/71721","targetHints":{"allow":["GET"]}}],"collection":[{"href":"https:\/\/mussicom.com\/noticias\/wp-json\/wp\/v2\/posts"}],"about":[{"href":"https:\/\/mussicom.com\/noticias\/wp-json\/wp\/v2\/types\/post"}],"author":[{"embeddable":true,"href":"https:\/\/mussicom.com\/noticias\/wp-json\/wp\/v2\/users\/5"}],"replies":[{"embeddable":true,"href":"https:\/\/mussicom.com\/noticias\/wp-json\/wp\/v2\/comments?post=71721"}],"version-history":[{"count":0,"href":"https:\/\/mussicom.com\/noticias\/wp-json\/wp\/v2\/posts\/71721\/revisions"}],"wp:featuredmedia":[{"embeddable":true,"href":"https:\/\/mussicom.com\/noticias\/wp-json\/wp\/v2\/media\/71722"}],"wp:attachment":[{"href":"https:\/\/mussicom.com\/noticias\/wp-json\/wp\/v2\/media?parent=71721"}],"wp:term":[{"taxonomy":"category","embeddable":true,"href":"https:\/\/mussicom.com\/noticias\/wp-json\/wp\/v2\/categories?post=71721"},{"taxonomy":"post_tag","embeddable":true,"href":"https:\/\/mussicom.com\/noticias\/wp-json\/wp\/v2\/tags?post=71721"}],"curies":[{"name":"wp","href":"https:\/\/api.w.org\/{rel}","templated":true}]}}