{"id":71700,"date":"2026-04-07T21:11:27","date_gmt":"2026-04-08T00:11:27","guid":{"rendered":"https:\/\/mussicom.com\/balanca-comercial-do-brasil-tem-pior-marco-desde-2020\/"},"modified":"2026-04-07T21:11:27","modified_gmt":"2026-04-08T00:11:27","slug":"balanca-comercial-do-brasil-tem-pior-marco-desde-2020","status":"publish","type":"post","link":"https:\/\/mussicom.com\/noticias\/balanca-comercial-do-brasil-tem-pior-marco-desde-2020\/","title":{"rendered":"Balan\u00e7a comercial do Brasil tem pior mar\u00e7o desde 2020"},"content":{"rendered":"<p> <br \/>\n<\/p>\n<div id=\"tp-post-content\">\n<p class=\"postParagraph_post-paragraph__juWZN postParagraph_post-paragraph-innerHtml__Q5vwc\">N\u00fameros da balan\u00e7a comercial divulgados nesta ter\u00e7a-feira (7) pelo Minist\u00e9rio do Desenvolvimento, Ind\u00fastria, Com\u00e9rcio e Servi\u00e7os (Mdic) mostraram que o balan\u00e7o entre as exporta\u00e7\u00f5es e importa\u00e7\u00f5es indicaram o pior mar\u00e7o desde o ano de 2020. As exporta\u00e7\u00f5es superaram as importa\u00e7\u00f5es em R$ 6,4 bilh\u00f5es \u2013 pior resultado para o m\u00eas desde 2020, quando o super\u00e1vit comercial foi de pouco mais de R$ 4 bi.<\/p>\n<p class=\"postParagraph_post-paragraph__juWZN postParagraph_post-paragraph-innerHtml__Q5vwc\">O resultado \u00e9 atribu\u00eddo a uma queda em exporta\u00e7\u00f5es de caf\u00e9 e a um incremento da aumento da importa\u00e7\u00e3o de ve\u00edculos, que resultaram no pior mar\u00e7o em seis anos, de acordo com o Mdic. A queda representou 17,2% em rela\u00e7\u00e3o ao mesmo m\u00eas de 2025, quando o super\u00e1vit registrou US$ 7,736 bilh\u00f5es.<\/p>\n<div class=\"postViewMore_post-view-more-container___5wai\" data-mrf-recirculation=\"Post - Veja tamb\u00e9m\">\n<p class=\"gp-styles-module-size-small-afeYRa gp-styles-module-font-family2-afeYRa gp-styles-module-color-secondary-afeYRa gp-styles-module-weight-bold-afeYRa\">VEJA TAMB\u00c9M:<\/p>\n<ul class=\"postViewMore_post-view-more-list__CU_CE\">\n<li class=\"postViewMore_post-view-more-item__2MzRb\">\n<div class=\"postViewMore_post-view-more-image__5gUSe\"><picture class=\"imageDefault_image-container__XGd8_\"><\/picture><\/div>\n<p>BC revisa para cima expectativa de infla\u00e7\u00e3o<\/li>\n<\/ul>\n<\/div>\n<p class=\"postParagraph_post-paragraph__juWZN postParagraph_post-paragraph-innerHtml__Q5vwc\">As exporta\u00e7\u00f5es totais ficaram em US$ 31,6 bilh\u00f5es, ou alta de 10% em rela\u00e7\u00e3o ao mesmo m\u00eas do ano passado. As importa\u00e7\u00f5es registraram US$ 25,2 bilh\u00f5es, ou alta de pouco mais de 20% na mesma compara\u00e7\u00e3o.<\/p>\n<p class=\"postParagraph_post-paragraph__juWZN postParagraph_post-paragraph-innerHtml__Q5vwc\">O valor das exporta\u00e7\u00f5es foi o segundo maior para mar\u00e7o desde o in\u00edcio da s\u00e9rie hist\u00f3rica, perdendo para o mar\u00e7o do ano de 2023. No entanto, as importa\u00e7\u00f5es o super\u00e1vit baixo foi resultado do maior n\u00edvel de importa\u00e7\u00f5es de todos os tempos, desde que os n\u00fameros passaram a ser apurados, em 1989.<\/p>\n<h2 class=\"postParagraph_post-paragraph__juWZN postParagraph_post-paragraph-innerHtml__Q5vwc postParagraph_type-tag-h2__TtFkT\">Exporta\u00e7\u00f5es de ouro e petr\u00f3leo<\/h2>\n<p class=\"postParagraph_post-paragraph__juWZN postParagraph_post-paragraph-innerHtml__Q5vwc\">Entre os maiores destaques entre as exporta\u00e7\u00f5es, agropecu\u00e1ria teve crescimento na exporta\u00e7\u00e3o de animais vivos (+49,4%). No entanto, o grande destaque foi a exporta\u00e7\u00e3o de minerais brutos (+55,9%), outros min\u00e9rios e metais de base (+66,8%), mas o grande destaque foi a exporta\u00e7\u00e3o de \u00f3leos brutos de petr\u00f3leo (+70,4%) e ouro (+92,7%).<\/p>\n<p class=\"postParagraph_post-paragraph__juWZN postParagraph_post-paragraph-innerHtml__Q5vwc\">A queda das exporta\u00e7\u00f5es de caf\u00e9 somou 30,5%, com redu\u00e7\u00e3o de 31% na quantidade exportada. As importa\u00e7\u00f5es em alta se deveram principalmente a uma maior compra de ve\u00edculos, com compras de pa\u00edses estrangeiros subindo US$ 755,7 milh\u00f5es em mar\u00e7o, em compara\u00e7\u00e3o com o mesmo m\u00eas de 2025.<\/p>\n<p class=\"postParagraph_post-paragraph__juWZN postParagraph_post-paragraph-innerHtml__Q5vwc\">O boletim Focus, a pesquisa semanal do Banco Central junto ao mercado, estimou que a balan\u00e7a comercial encerrar\u00e1 o ano com super\u00e1vit de US$ 70 bilh\u00f5es.<\/p>\n<\/div>\n<p><br \/>\n<br \/>Fonte: <a href=\"https:\/\/www.gazetadopovo.com.br\/economia\/balanca-comercial-do-brasil-tem-pior-superavit-para-marco-desde-2020\/\">Gazeta do Povo<\/a><\/p>\n","protected":false},"excerpt":{"rendered":"<p>N\u00fameros da balan\u00e7a comercial divulgados nesta ter\u00e7a-feira (7) pelo Minist\u00e9rio do Desenvolvimento, Ind\u00fastria, Com\u00e9rcio e Servi\u00e7os (Mdic) mostraram que o balan\u00e7o entre as exporta\u00e7\u00f5es e importa\u00e7\u00f5es indicaram o pior mar\u00e7o desde o ano de 2020. As exporta\u00e7\u00f5es superaram as importa\u00e7\u00f5es em R$ 6,4 bilh\u00f5es \u2013 pior resultado para o m\u00eas desde 2020, quando o super\u00e1vit [&hellip;]<\/p>\n","protected":false},"author":5,"featured_media":71701,"comment_status":"open","ping_status":"open","sticky":false,"template":"","format":"standard","meta":{"_seopress_robots_primary_cat":"","_seopress_titles_title":"","_seopress_titles_desc":"","_seopress_robots_index":"","footnotes":""},"categories":[45],"tags":[],"class_list":["post-71700","post","type-post","status-publish","format-standard","has-post-thumbnail","hentry","category-economia"],"_links":{"self":[{"href":"https:\/\/mussicom.com\/noticias\/wp-json\/wp\/v2\/posts\/71700","targetHints":{"allow":["GET"]}}],"collection":[{"href":"https:\/\/mussicom.com\/noticias\/wp-json\/wp\/v2\/posts"}],"about":[{"href":"https:\/\/mussicom.com\/noticias\/wp-json\/wp\/v2\/types\/post"}],"author":[{"embeddable":true,"href":"https:\/\/mussicom.com\/noticias\/wp-json\/wp\/v2\/users\/5"}],"replies":[{"embeddable":true,"href":"https:\/\/mussicom.com\/noticias\/wp-json\/wp\/v2\/comments?post=71700"}],"version-history":[{"count":0,"href":"https:\/\/mussicom.com\/noticias\/wp-json\/wp\/v2\/posts\/71700\/revisions"}],"wp:featuredmedia":[{"embeddable":true,"href":"https:\/\/mussicom.com\/noticias\/wp-json\/wp\/v2\/media\/71701"}],"wp:attachment":[{"href":"https:\/\/mussicom.com\/noticias\/wp-json\/wp\/v2\/media?parent=71700"}],"wp:term":[{"taxonomy":"category","embeddable":true,"href":"https:\/\/mussicom.com\/noticias\/wp-json\/wp\/v2\/categories?post=71700"},{"taxonomy":"post_tag","embeddable":true,"href":"https:\/\/mussicom.com\/noticias\/wp-json\/wp\/v2\/tags?post=71700"}],"curies":[{"name":"wp","href":"https:\/\/api.w.org\/{rel}","templated":true}]}}