{"id":71660,"date":"2026-04-07T18:08:29","date_gmt":"2026-04-07T21:08:29","guid":{"rendered":"https:\/\/mussicom.com\/motta-diz-que-governo-desistiu-do-projeto-proprio-da-escala-6x1\/"},"modified":"2026-04-07T18:08:29","modified_gmt":"2026-04-07T21:08:29","slug":"motta-diz-que-governo-desistiu-do-projeto-proprio-da-escala-6x1","status":"publish","type":"post","link":"https:\/\/mussicom.com\/noticias\/motta-diz-que-governo-desistiu-do-projeto-proprio-da-escala-6x1\/","title":{"rendered":"Motta diz que governo desistiu do projeto pr\u00f3prio da escala 6&#215;1"},"content":{"rendered":"<p> <br \/>\n<\/p>\n<div id=\"tp-post-content\">\n<p class=\"postParagraph_post-paragraph__juWZN postParagraph_post-paragraph-innerHtml__Q5vwc\">O presidente da C\u00e2mara dos Deputados, Hugo Motta (Republicanos-PB) declarou nesta ter\u00e7a-feira (7) que o governo federal voltou atr\u00e1s em sua inten\u00e7\u00e3o de apresentar um projeto em regime de urg\u00eancia para tratar da redu\u00e7\u00e3o da escala de trabalho sem diminui\u00e7\u00e3o de sal\u00e1rio \u2013 tema que ficou conhecido como fim da escala 6&#215;1. Motta disse que o tema seguir\u00e1 tramitando na casa no formato de uma Proposta de Emenda \u00e0 Constitui\u00e7\u00e3o (PEC).<\/p>\n<p class=\"postParagraph_post-paragraph__juWZN postParagraph_post-paragraph-innerHtml__Q5vwc\">\u201cO governo n\u00e3o mais enviar\u00e1, segundo o l\u00edder do governo, o projeto de lei com urg\u00eancia, pactuando assim o entendimento j\u00e1 feito e determinado por essa presid\u00eancia de que n\u00f3s iremos analisar a mat\u00e9ria por projeto de emenda \u00e0 constitui\u00e7\u00e3o\u201d, declarou Motta.<\/p>\n<div class=\"postViewMore_post-view-more-container___5wai\" data-mrf-recirculation=\"Post - Veja tamb\u00e9m\">\n<p class=\"gp-styles-module-size-small-afeYRa gp-styles-module-font-family2-afeYRa gp-styles-module-color-secondary-afeYRa gp-styles-module-weight-bold-afeYRa\">VEJA TAMB\u00c9M:<\/p>\n<ul class=\"postViewMore_post-view-more-list__CU_CE\">\n<li class=\"postViewMore_post-view-more-item__2MzRb\"><span class=\"postViewMore_post-view-more-link-icon___stPC\"><svg xmlns=\"http:\/\/www.w3.org\/2000\/svg\" width=\"16\" height=\"16\" viewbox=\"0 0 16 16\"><rect width=\"16\" height=\"16\" fill=\"none\"\/><g transform=\"translate(3 3)\"><path d=\"M22.5,15l3.4,3.4-3.4,3.4\" transform=\"translate(-15.896 -11.793)\" fill=\"none\" stroke=\"#717171\" stroke-linecap=\"round\" stroke-width=\"1.4\"\/><path d=\"M6,6v4.2a2.452,2.452,0,0,0,2.5,2.4H16\" transform=\"translate(-6 -6)\" fill=\"none\" stroke=\"#717171\" stroke-linecap=\"round\" stroke-width=\"1.4\"\/><\/g><\/svg><\/span><span class=\"postViewMore_post-view-more-link-text__hO_kM\">Fim da escala 6\u00d71 causar\u00e1 perda de R$ 76,4 bilh\u00f5es<\/span><\/li>\n<li class=\"postViewMore_post-view-more-item__2MzRb\"><span class=\"postViewMore_post-view-more-link-icon___stPC\"><svg xmlns=\"http:\/\/www.w3.org\/2000\/svg\" width=\"16\" height=\"16\" viewbox=\"0 0 16 16\"><rect width=\"16\" height=\"16\" fill=\"none\"\/><g transform=\"translate(3 3)\"><path d=\"M22.5,15l3.4,3.4-3.4,3.4\" transform=\"translate(-15.896 -11.793)\" fill=\"none\" stroke=\"#717171\" stroke-linecap=\"round\" stroke-width=\"1.4\"\/><path d=\"M6,6v4.2a2.452,2.452,0,0,0,2.5,2.4H16\" transform=\"translate(-6 -6)\" fill=\"none\" stroke=\"#717171\" stroke-linecap=\"round\" stroke-width=\"1.4\"\/><\/g><\/svg><\/span><span class=\"postViewMore_post-view-more-link-text__hO_kM\">Fim da escala 6\u00d71 se tornou discuss\u00e3o pol\u00edtica<\/span><\/li>\n<\/ul>\n<\/div>\n<p class=\"postParagraph_post-paragraph__juWZN postParagraph_post-paragraph-innerHtml__Q5vwc\">Motta afirmou que a Comiss\u00e3o de Constitui\u00e7\u00e3o e Justi\u00e7a votar\u00e1 a admissibilidade da PEC j\u00e1 na pr\u00f3xima semana. Ap\u00f3s a tramita\u00e7\u00e3o na CCJ, Motta declarou que ser\u00e1 escolhido o relator da mat\u00e9ria.<\/p>\n<p class=\"postParagraph_post-paragraph__juWZN postParagraph_post-paragraph-innerHtml__Q5vwc\">Al\u00e9m a PEC da jornada 6&#215;1, Motta declarou que foi encaminhado o projeto de lei que trata da regulamenta\u00e7\u00e3o do trabalho por aplicativo em uma nova vers\u00e3o. Motta previu para a pr\u00f3xima semana tamb\u00e9m a vota\u00e7\u00e3o do PL dos aplicativos.<\/p>\n<p class=\"postParagraph_post-paragraph__juWZN postParagraph_post-paragraph-innerHtml__Q5vwc\">Na semana passada, fontes do governo confirmaram uma insatisfa\u00e7\u00e3o do presidente Lula com a demora da tramita\u00e7\u00e3o do fim da escala 6&#215;1 no Congresso Nacional. Para isso, estava previsto o encaminhamento de um projeto de lei (PL) em regime de urg\u00eancia para tratar do tema.<\/p>\n<p class=\"postParagraph_post-paragraph__juWZN postParagraph_post-paragraph-innerHtml__Q5vwc\">Atualmente, a escala 6&#215;1 \u2013 em que o trabalhador atua seis dias e folga um \u2013 \u00e9 amplamente adotada no com\u00e9rcio e no setor de servi\u00e7os, incluindo bares e restaurantes. Em muitos casos, o modelo garante apenas um domingo de descanso por m\u00eas, o que tem gerado cr\u00edticas sobre qualidade de vida e sa\u00fade mental dos trabalhadores.<\/p>\n<p class=\"postParagraph_post-paragraph__juWZN postParagraph_post-paragraph-innerHtml__Q5vwc\">O governo tinha como par\u00e2metros do seu PL o m\u00ednimo de dois dias de descanso semanais ao trabalhador e uma jornada m\u00e1xima de 40 horas por semana, sem redu\u00e7\u00e3o dos ganhos salariais. Agora, a PEC deve retomar o tema no Congresso Nacional, com apoio do presidente Motta a uma das mais importantes apostas do governo em ano eleitoral.<\/p>\n<\/div>\n<p><br \/>\n<br \/>Fonte: <a href=\"https:\/\/www.gazetadopovo.com.br\/economia\/motta-diz-que-governo-desistiu-do-projeto-proprio-para-fim-da-escala-6-x-1\/\">Gazeta do Povo<\/a><\/p>\n","protected":false},"excerpt":{"rendered":"<p>O presidente da C\u00e2mara dos Deputados, Hugo Motta (Republicanos-PB) declarou nesta ter\u00e7a-feira (7) que o governo federal voltou atr\u00e1s em sua inten\u00e7\u00e3o de apresentar um projeto em regime de urg\u00eancia para tratar da redu\u00e7\u00e3o da escala de trabalho sem diminui\u00e7\u00e3o de sal\u00e1rio \u2013 tema que ficou conhecido como fim da escala 6&#215;1. Motta disse que [&hellip;]<\/p>\n","protected":false},"author":5,"featured_media":62249,"comment_status":"open","ping_status":"open","sticky":false,"template":"","format":"standard","meta":{"_seopress_robots_primary_cat":"","_seopress_titles_title":"","_seopress_titles_desc":"","_seopress_robots_index":"","footnotes":""},"categories":[45],"tags":[],"class_list":["post-71660","post","type-post","status-publish","format-standard","has-post-thumbnail","hentry","category-economia"],"_links":{"self":[{"href":"https:\/\/mussicom.com\/noticias\/wp-json\/wp\/v2\/posts\/71660","targetHints":{"allow":["GET"]}}],"collection":[{"href":"https:\/\/mussicom.com\/noticias\/wp-json\/wp\/v2\/posts"}],"about":[{"href":"https:\/\/mussicom.com\/noticias\/wp-json\/wp\/v2\/types\/post"}],"author":[{"embeddable":true,"href":"https:\/\/mussicom.com\/noticias\/wp-json\/wp\/v2\/users\/5"}],"replies":[{"embeddable":true,"href":"https:\/\/mussicom.com\/noticias\/wp-json\/wp\/v2\/comments?post=71660"}],"version-history":[{"count":0,"href":"https:\/\/mussicom.com\/noticias\/wp-json\/wp\/v2\/posts\/71660\/revisions"}],"wp:featuredmedia":[{"embeddable":true,"href":"https:\/\/mussicom.com\/noticias\/wp-json\/wp\/v2\/media\/62249"}],"wp:attachment":[{"href":"https:\/\/mussicom.com\/noticias\/wp-json\/wp\/v2\/media?parent=71660"}],"wp:term":[{"taxonomy":"category","embeddable":true,"href":"https:\/\/mussicom.com\/noticias\/wp-json\/wp\/v2\/categories?post=71660"},{"taxonomy":"post_tag","embeddable":true,"href":"https:\/\/mussicom.com\/noticias\/wp-json\/wp\/v2\/tags?post=71660"}],"curies":[{"name":"wp","href":"https:\/\/api.w.org\/{rel}","templated":true}]}}