{"id":71642,"date":"2026-04-07T17:02:20","date_gmt":"2026-04-07T20:02:20","guid":{"rendered":"https:\/\/mussicom.com\/nova-lei-reforca-direito-a-tres-folgas-por-ano-para-exames-preventivos\/"},"modified":"2026-04-07T17:02:20","modified_gmt":"2026-04-07T20:02:20","slug":"nova-lei-reforca-direito-a-tres-folgas-por-ano-para-exames-preventivos","status":"publish","type":"post","link":"https:\/\/mussicom.com\/noticias\/nova-lei-reforca-direito-a-tres-folgas-por-ano-para-exames-preventivos\/","title":{"rendered":"Nova lei refor\u00e7a direito a tr\u00eas folgas por ano para exames preventivos"},"content":{"rendered":"<p> <br \/>\n<\/p>\n<div>\n<p><strong>Uma nova lei, publicada nesta segunda-feira (6), refor\u00e7a o direito do trabalhador com contrato via Consolida\u00e7\u00e3o das Leis do Trabalho (CLT) de se afastar at\u00e9 tr\u00eas dias por ano para realizar exames preventivos de c\u00e2ncer, em desconto salarial.\u00a0\u00a0<\/strong><img decoding=\"async\" src=\"https:\/\/agenciabrasil.ebc.com.br\/ebc.gif?id=1685064&amp;o=node\" style=\"width:1px; height:1px; display:inline;\"\/><\/p>\n<p>O direito j\u00e1 estava inclu\u00eddo na CLT desde 2018. <strong>A partir de agora, as empresas passam a ser obrigadas a divulgar essa informa\u00e7\u00e3o<\/strong>, al\u00e9m de outras relacionadas a campanhas oficiais de vacina\u00e7\u00e3o contra o HPV e sobre o acesso a servi\u00e7os de diagn\u00f3sticos de c\u00e2nceres de mama, pr\u00f3stata e de colo do \u00fatero.\u00a0\u00a0<\/p>\n<p><strong>O texto estende o uso das folgas tamb\u00e9m para a realiza\u00e7\u00e3o de exames preventivos do HPV<\/strong>, al\u00e9m dos de c\u00e2ncer que j\u00e1 estavam previstos na legisla\u00e7\u00e3o anterior. A a Lei 15.377 foi sancionada pelo presidente Luiz In\u00e1cio Lula da Silva, e publicada na edi\u00e7\u00e3o do Di\u00e1rio Oficial da Uni\u00e3o (DOU).\u00a0\u00a0<\/p>\n<p>      <!-- Relacionada --><\/p>\n<p>            <!-- Relacionada -->\n    <\/div>\n<p><br \/>\n<br \/>Fonte: <a href=\"https:\/\/agenciabrasil.ebc.com.br\/saude\/noticia\/2026-04\/nova-lei-reforca-direito-tres-folgas-por-ano-para-exames-preventivos\">Ag\u00eancia Brasil<\/a><\/p>\n","protected":false},"excerpt":{"rendered":"<p>Uma nova lei, publicada nesta segunda-feira (6), refor\u00e7a o direito do trabalhador com contrato via Consolida\u00e7\u00e3o das Leis do Trabalho (CLT) de se afastar at\u00e9 tr\u00eas dias por ano para realizar exames preventivos de c\u00e2ncer, em desconto salarial.\u00a0\u00a0 O direito j\u00e1 estava inclu\u00eddo na CLT desde 2018. A partir de agora, as empresas passam a [&hellip;]<\/p>\n","protected":false},"author":5,"featured_media":25842,"comment_status":"open","ping_status":"open","sticky":false,"template":"","format":"standard","meta":{"_seopress_robots_primary_cat":"","_seopress_titles_title":"","_seopress_titles_desc":"","_seopress_robots_index":"","footnotes":""},"categories":[46],"tags":[],"class_list":["post-71642","post","type-post","status-publish","format-standard","has-post-thumbnail","hentry","category-saude"],"_links":{"self":[{"href":"https:\/\/mussicom.com\/noticias\/wp-json\/wp\/v2\/posts\/71642","targetHints":{"allow":["GET"]}}],"collection":[{"href":"https:\/\/mussicom.com\/noticias\/wp-json\/wp\/v2\/posts"}],"about":[{"href":"https:\/\/mussicom.com\/noticias\/wp-json\/wp\/v2\/types\/post"}],"author":[{"embeddable":true,"href":"https:\/\/mussicom.com\/noticias\/wp-json\/wp\/v2\/users\/5"}],"replies":[{"embeddable":true,"href":"https:\/\/mussicom.com\/noticias\/wp-json\/wp\/v2\/comments?post=71642"}],"version-history":[{"count":0,"href":"https:\/\/mussicom.com\/noticias\/wp-json\/wp\/v2\/posts\/71642\/revisions"}],"wp:featuredmedia":[{"embeddable":true,"href":"https:\/\/mussicom.com\/noticias\/wp-json\/wp\/v2\/media\/25842"}],"wp:attachment":[{"href":"https:\/\/mussicom.com\/noticias\/wp-json\/wp\/v2\/media?parent=71642"}],"wp:term":[{"taxonomy":"category","embeddable":true,"href":"https:\/\/mussicom.com\/noticias\/wp-json\/wp\/v2\/categories?post=71642"},{"taxonomy":"post_tag","embeddable":true,"href":"https:\/\/mussicom.com\/noticias\/wp-json\/wp\/v2\/tags?post=71642"}],"curies":[{"name":"wp","href":"https:\/\/api.w.org\/{rel}","templated":true}]}}