{"id":71617,"date":"2026-04-07T14:17:19","date_gmt":"2026-04-07T17:17:19","guid":{"rendered":"https:\/\/mussicom.com\/estrategia-de-poder-do-centrao\/"},"modified":"2026-04-07T14:17:19","modified_gmt":"2026-04-07T17:17:19","slug":"estrategia-de-poder-do-centrao","status":"publish","type":"post","link":"https:\/\/mussicom.com\/noticias\/estrategia-de-poder-do-centrao\/","title":{"rendered":"Estrat\u00e9gia de poder do Centr\u00e3o"},"content":{"rendered":"<p> <br \/>\n<\/p>\n<div id=\"tp-post-content\">\n<p class=\"postParagraph_post-paragraph__juWZN postParagraph_post-paragraph-innerHtml__Q5vwc\">Mesmo sem nomes competitivos nas pesquisas, o Centr\u00e3o aposta na candidatura de Ronaldo Caiado para a Presid\u00eancia em 2026. A meta do bloco partid\u00e1rio n\u00e3o \u00e9 vencer no primeiro turno, mas acumular capital pol\u00edtico para negociar cargos e influ\u00eancia no governo que assumir o poder.<\/p>\n<h2 class=\"postParagraph_post-paragraph__juWZN postParagraph_post-paragraph-innerHtml__Q5vwc postParagraph_type-tag-h2__TtFkT\">Qual \u00e9 a real inten\u00e7\u00e3o do Centr\u00e3o com a terceira via?<\/h2>\n<p class=\"postParagraph_post-paragraph__juWZN postParagraph_post-paragraph-innerHtml__Q5vwc\">Para os partidos que formam o Centr\u00e3o, lan\u00e7ar um candidato pr\u00f3prio como Ronaldo Caiado serve como um instrumento de valoriza\u00e7\u00e3o. O objetivo principal n\u00e3o \u00e9 necessariamente ganhar a elei\u00e7\u00e3o, mas sim ter for\u00e7a para negociar apoio no segundo turno. Ao ter um nome na disputa, eles aumentam seu &#8216;passe&#8217; para barganhar minist\u00e9rios, cargos e controle do or\u00e7amento com quem chegar \u00e0 etapa final.<\/p>\n<h2 class=\"postParagraph_post-paragraph__juWZN postParagraph_post-paragraph-innerHtml__Q5vwc postParagraph_type-tag-h2__TtFkT\">Como Ronaldo Caiado aparece nas pesquisas atuais?<\/h2>\n<p class=\"postParagraph_post-paragraph__juWZN postParagraph_post-paragraph-innerHtml__Q5vwc\">Segundo levantamento do Paran\u00e1 Pesquisas de mar\u00e7o de 2026, Lula lidera com 41,3% e Fl\u00e1vio Bolsonaro aparece com 37,8%. Caiado, o nome defendido por Gilberto Kassab (PSD) como a &#8216;melhor via&#8217; contra a polariza\u00e7\u00e3o, registra apenas 3,6% das inten\u00e7\u00f5es de voto. Outros nomes, como Romeu Zema, tamb\u00e9m aparecem com \u00edndices baixos, refor\u00e7ando que o eleitor continua concentrado nos dois polos principais.<\/p>\n<h2 class=\"postParagraph_post-paragraph__juWZN postParagraph_post-paragraph-innerHtml__Q5vwc postParagraph_type-tag-h2__TtFkT\">O que os cientistas pol\u00edticos dizem sobre essa estrat\u00e9gia?<\/h2>\n<p class=\"postParagraph_post-paragraph__juWZN postParagraph_post-paragraph-innerHtml__Q5vwc\">Especialistas afirmam que o discurso de alternativa \u00e0 polariza\u00e7\u00e3o n\u00e3o tem &#8216;ader\u00eancia&#8217; no eleitorado atual. A candidatura \u00e9 vista como flex\u00edvel e &#8216;fisiol\u00f3gica&#8217;. Isso significa que, por n\u00e3o ter compromissos ideol\u00f3gicos r\u00edgidos, o grupo pode se aliar a qualquer um dos lados no segundo turno em troca de benef\u00edcios pr\u00e1ticos que ajudem a manter o controle da m\u00e1quina p\u00fablica.<\/p>\n<h2 class=\"postParagraph_post-paragraph__juWZN postParagraph_post-paragraph-innerHtml__Q5vwc postParagraph_type-tag-h2__TtFkT\">Quem j\u00e1 tentou ocupar o espa\u00e7o de terceira via em anos anteriores?<\/h2>\n<p class=\"postParagraph_post-paragraph__juWZN postParagraph_post-paragraph-innerHtml__Q5vwc\">O posto de alternativa j\u00e1 foi ocupado por diversos nomes. Marina Silva foi a principal voz em 2010 e 2014, chegando a quase 20% dos votos. Em 2018, Ciro Gomes liderou esse campo com 12,4%. J\u00e1 em 2022, Simone Tebet foi o rosto da terceira via, mas obteve apenas 4,1%. O hist\u00f3rico mostra uma fragmenta\u00e7\u00e3o e dificuldade em romper o dom\u00ednio entre PT e seus principais opositores.<\/p>\n<h2 class=\"postParagraph_post-paragraph__juWZN postParagraph_post-paragraph-innerHtml__Q5vwc postParagraph_type-tag-h2__TtFkT\">Por que \u00e9 t\u00e3o dif\u00edcil viabilizar um nome fora dos dois polos?<\/h2>\n<p class=\"postParagraph_post-paragraph__juWZN postParagraph_post-paragraph-innerHtml__Q5vwc\">O principal obst\u00e1culo \u00e9 a falta de conex\u00e3o org\u00e2nica com o povo. Cientistas pol\u00edticos explicam que a terceira via no Brasil costuma nascer de conversas entre l\u00edderes de partidos (articula\u00e7\u00f5es de c\u00fapula) e n\u00e3o de um movimento popular real. Sem uma base social forte que sustente o candidato, a movimenta\u00e7\u00e3o acaba servindo apenas para o jogo pol\u00edtico interno de Bras\u00edlia.<\/p>\n<p class=\"postParagraph_post-paragraph__juWZN postParagraph_post-paragraph-innerHtml__Q5vwc\"><i>Conte\u00fado produzido a partir de informa\u00e7\u00f5es apuradas pela equipe de rep\u00f3rteres da Gazeta do Povo. Para acessar a informa\u00e7\u00e3o na \u00edntegra e se aprofundar sobre o tema leia a reportagem abaixo.<\/i><\/p>\n<div class=\"postViewMore_post-view-more-container___5wai\" data-mrf-recirculation=\"Post - Veja tamb\u00e9m\">\n<p class=\"gp-styles-module-size-small-afeYRa gp-styles-module-font-family2-afeYRa gp-styles-module-color-secondary-afeYRa gp-styles-module-weight-bold-afeYRa\">VEJA TAMB\u00c9M:<\/p>\n<ul class=\"postViewMore_post-view-more-list__CU_CE\">\n<li class=\"postViewMore_post-view-more-item__2MzRb\"><span class=\"postViewMore_post-view-more-link-icon___stPC\"><svg xmlns=\"http:\/\/www.w3.org\/2000\/svg\" width=\"16\" height=\"16\" viewbox=\"0 0 16 16\"><rect width=\"16\" height=\"16\" fill=\"none\"\/><g transform=\"translate(3 3)\"><path d=\"M22.5,15l3.4,3.4-3.4,3.4\" transform=\"translate(-15.896 -11.793)\" fill=\"none\" stroke=\"#717171\" stroke-linecap=\"round\" stroke-width=\"1.4\"\/><path d=\"M6,6v4.2a2.452,2.452,0,0,0,2.5,2.4H16\" transform=\"translate(-6 -6)\" fill=\"none\" stroke=\"#717171\" stroke-linecap=\"round\" stroke-width=\"1.4\"\/><\/g><\/svg><\/span><span class=\"postViewMore_post-view-more-link-text__hO_kM\">Sem for\u00e7a eleitoral, terceira via vira estrat\u00e9gia do Centr\u00e3o para negociar poder<\/span><\/li>\n<\/ul>\n<\/div>\n<\/div>\n<p><br \/>\n<br \/>Fonte: <a href=\"https:\/\/www.gazetadopovo.com.br\/republica\/por-que-a-terceira-via-virou-a-principal-estrategia-do-centrao\/\">Revista Oeste<\/a><\/p>\n","protected":false},"excerpt":{"rendered":"<p>Mesmo sem nomes competitivos nas pesquisas, o Centr\u00e3o aposta na candidatura de Ronaldo Caiado para a Presid\u00eancia em 2026. A meta do bloco partid\u00e1rio n\u00e3o \u00e9 vencer no primeiro turno, mas acumular capital pol\u00edtico para negociar cargos e influ\u00eancia no governo que assumir o poder. Qual \u00e9 a real inten\u00e7\u00e3o do Centr\u00e3o com a terceira [&hellip;]<\/p>\n","protected":false},"author":5,"featured_media":71586,"comment_status":"open","ping_status":"open","sticky":false,"template":"","format":"standard","meta":{"_seopress_robots_primary_cat":"","_seopress_titles_title":"","_seopress_titles_desc":"","_seopress_robots_index":"","footnotes":""},"categories":[1],"tags":[],"class_list":["post-71617","post","type-post","status-publish","format-standard","has-post-thumbnail","hentry","category-ultimas-noticias"],"_links":{"self":[{"href":"https:\/\/mussicom.com\/noticias\/wp-json\/wp\/v2\/posts\/71617","targetHints":{"allow":["GET"]}}],"collection":[{"href":"https:\/\/mussicom.com\/noticias\/wp-json\/wp\/v2\/posts"}],"about":[{"href":"https:\/\/mussicom.com\/noticias\/wp-json\/wp\/v2\/types\/post"}],"author":[{"embeddable":true,"href":"https:\/\/mussicom.com\/noticias\/wp-json\/wp\/v2\/users\/5"}],"replies":[{"embeddable":true,"href":"https:\/\/mussicom.com\/noticias\/wp-json\/wp\/v2\/comments?post=71617"}],"version-history":[{"count":0,"href":"https:\/\/mussicom.com\/noticias\/wp-json\/wp\/v2\/posts\/71617\/revisions"}],"wp:featuredmedia":[{"embeddable":true,"href":"https:\/\/mussicom.com\/noticias\/wp-json\/wp\/v2\/media\/71586"}],"wp:attachment":[{"href":"https:\/\/mussicom.com\/noticias\/wp-json\/wp\/v2\/media?parent=71617"}],"wp:term":[{"taxonomy":"category","embeddable":true,"href":"https:\/\/mussicom.com\/noticias\/wp-json\/wp\/v2\/categories?post=71617"},{"taxonomy":"post_tag","embeddable":true,"href":"https:\/\/mussicom.com\/noticias\/wp-json\/wp\/v2\/tags?post=71617"}],"curies":[{"name":"wp","href":"https:\/\/api.w.org\/{rel}","templated":true}]}}