{"id":71591,"date":"2026-04-07T12:08:20","date_gmt":"2026-04-07T15:08:20","guid":{"rendered":"https:\/\/mussicom.com\/bertioga-brilha-em-festival-internacional-de-danca-e-ja-soma-37-premiacoes-para-a-cidade\/"},"modified":"2026-04-07T12:08:20","modified_gmt":"2026-04-07T15:08:20","slug":"bertioga-brilha-em-festival-internacional-de-danca-e-ja-soma-37-premiacoes-para-a-cidade","status":"publish","type":"post","link":"https:\/\/mussicom.com\/noticias\/bertioga-brilha-em-festival-internacional-de-danca-e-ja-soma-37-premiacoes-para-a-cidade\/","title":{"rendered":"Bertioga brilha em festival internacional de\u00a0dan\u00e7a e j\u00e1 soma 37 premia\u00e7\u00f5es para a cidade"},"content":{"rendered":"<p> <br \/>\n<\/p>\n<div id=\"texto\">\n<p>O Ballet da Prefeitura de Bertioga foi destaque no XIX Trof\u00e9u Internacional de Dan\u00e7a, realizado no \u00faltimo s\u00e1bado (04), no Teatro \u00cdtalo Brasileiro, em S\u00e3o Paulo, na Sala Paulo Autran. Com mais de 150 participantes de diferentes localidades e apresenta\u00e7\u00f5es marcadas por t\u00e9cnica, sensibilidade e alto n\u00edvel art\u00edstico, os bailarinos do munic\u00edpio conquistaram sete premia\u00e7\u00f5es, entre medalhas e trof\u00e9us, consolidando Bertioga como refer\u00eancia na forma\u00e7\u00e3o em dan\u00e7a na regi\u00e3o.<\/p>\n<p>\u00a0<\/p>\n<p>Entre os resultados, foram cinco medalhas e dois trof\u00e9us especiais, com destaque para os pr\u00eamios de Bailarino Revela\u00e7\u00e3o, concedidos a Henri Bernardo e tamb\u00e9m a bailarina Gabriela Valencio.\u00a0<\/p>\n<p>\u00a0<\/p>\n<p>De acordo com a Diretora de Cultura, Camila Quelhas, a participa\u00e7\u00e3o no festival contou com investimento integral da Prefeitura de Bertioga, que garantiu toda a estrutura necess\u00e1ria para os bailarinos, incluindo transporte, figurinos, inscri\u00e7\u00f5es e cobertura fotogr\u00e1fica. &#8220;A iniciativa refor\u00e7a o compromisso do munic\u00edpio com o acesso \u00e0 cultura, a valoriza\u00e7\u00e3o dos talentos locais e o desenvolvimento art\u00edstico de crian\u00e7as e jovens&#8221;, disse.\u00a0<\/p>\n<p>\u00a0<\/p>\n<p>Camila ainda frisou que mais do que os pr\u00eamios conquistados, o resultado representa dedica\u00e7\u00e3o, supera\u00e7\u00e3o e o impacto positivo da arte na forma\u00e7\u00e3o cidad\u00e3. &#8220;O desempenho dos bailarinos reafirma o Ballet da Prefeitura de Bertioga como um dos principais projetos culturais da regi\u00e3o e um importante instrumento de transforma\u00e7\u00e3o social&#8221;, finalizou.\u00a0<\/p>\n<p>\u00a0<\/p>\n<p><strong>Confira os principais resultados:<\/strong><\/p>\n<p>\u00a0<\/p>\n<p><strong>Duo Infantil \u2013 &#8220;T\u00e3o Lindo!&#8221;<\/strong><\/p>\n<p>2\u00ba lugar \u2013 Henri Bernardo e Maria Em\u00edlia Alves<\/p>\n<p>\u00a0<\/p>\n<p><strong>Pas de Deux Infantil \u2013 &#8220;Festival de Flores&#8221;<\/strong><\/p>\n<p>2\u00ba lugar \u2013 Henri Bernardo e Maria Em\u00edlia Alves<\/p>\n<p>\u00a0<\/p>\n<p><strong>Masculino Infantil \u2013 &#8220;Satanella&#8221;<\/strong><\/p>\n<p>2\u00ba lugar \u2013 Henri Bernardo<\/p>\n<p>\u00a0<\/p>\n<p><strong>Solo Jazz \u2013 &#8220;Pour Moi&#8221;<\/strong><\/p>\n<p>3\u00ba lugar \u2013 Maria Rita Oliveira<\/p>\n<p>\u00a0<\/p>\n<p><strong>Solo Jazz \u2013 &#8220;Intense&#8221;<\/strong><\/p>\n<p>1\u00ba lugar \u2013 Gabriela Valencio<\/p>\n<p>\u00a0<\/p>\n<p><strong>Gabriela Valencio \u2013 Bailarina Revela\u00e7\u00e3o do Festival<\/strong><\/p>\n<p>Henri Bernardo \u2013 Bailarino Revela\u00e7\u00e3o do Festival<\/p>\n<\/p><\/div>\n<p><script async defer crossorigin=\"anonymous\" src=\"https:\/\/connect.facebook.net\/pt_BR\/sdk.js#xfbml=1&#038;version=v12.0&#038;appId=&#038;autoLogAppEvents=1\" nonce=\"ou0fI1lo\"><\/script><br \/>\n<br \/><br \/>\n<br \/>Fonte: <a href=\"https:\/\/www.bs9.com.br\/litoral\/bertioga-brilha-em-festival-internacional-dedanca-e-ja-soma-37\/38737\/\">BS9<\/a><\/p>\n","protected":false},"excerpt":{"rendered":"<p>O Ballet da Prefeitura de Bertioga foi destaque no XIX Trof\u00e9u Internacional de Dan\u00e7a, realizado no \u00faltimo s\u00e1bado (04), no Teatro \u00cdtalo Brasileiro, em S\u00e3o Paulo, na Sala Paulo Autran. Com mais de 150 participantes de diferentes localidades e apresenta\u00e7\u00f5es marcadas por t\u00e9cnica, sensibilidade e alto n\u00edvel art\u00edstico, os bailarinos do munic\u00edpio conquistaram sete premia\u00e7\u00f5es, [&hellip;]<\/p>\n","protected":false},"author":5,"featured_media":71592,"comment_status":"open","ping_status":"open","sticky":false,"template":"","format":"standard","meta":{"_seopress_robots_primary_cat":"","_seopress_titles_title":"","_seopress_titles_desc":"","_seopress_robots_index":"","footnotes":""},"categories":[52],"tags":[],"class_list":["post-71591","post","type-post","status-publish","format-standard","has-post-thumbnail","hentry","category-santoseregiao"],"_links":{"self":[{"href":"https:\/\/mussicom.com\/noticias\/wp-json\/wp\/v2\/posts\/71591","targetHints":{"allow":["GET"]}}],"collection":[{"href":"https:\/\/mussicom.com\/noticias\/wp-json\/wp\/v2\/posts"}],"about":[{"href":"https:\/\/mussicom.com\/noticias\/wp-json\/wp\/v2\/types\/post"}],"author":[{"embeddable":true,"href":"https:\/\/mussicom.com\/noticias\/wp-json\/wp\/v2\/users\/5"}],"replies":[{"embeddable":true,"href":"https:\/\/mussicom.com\/noticias\/wp-json\/wp\/v2\/comments?post=71591"}],"version-history":[{"count":0,"href":"https:\/\/mussicom.com\/noticias\/wp-json\/wp\/v2\/posts\/71591\/revisions"}],"wp:featuredmedia":[{"embeddable":true,"href":"https:\/\/mussicom.com\/noticias\/wp-json\/wp\/v2\/media\/71592"}],"wp:attachment":[{"href":"https:\/\/mussicom.com\/noticias\/wp-json\/wp\/v2\/media?parent=71591"}],"wp:term":[{"taxonomy":"category","embeddable":true,"href":"https:\/\/mussicom.com\/noticias\/wp-json\/wp\/v2\/categories?post=71591"},{"taxonomy":"post_tag","embeddable":true,"href":"https:\/\/mussicom.com\/noticias\/wp-json\/wp\/v2\/tags?post=71591"}],"curies":[{"name":"wp","href":"https:\/\/api.w.org\/{rel}","templated":true}]}}