{"id":71580,"date":"2026-04-07T11:09:23","date_gmt":"2026-04-07T14:09:23","guid":{"rendered":"https:\/\/mussicom.com\/crise-externa-pressiona-e-muda-cenario-economico\/"},"modified":"2026-04-07T11:09:23","modified_gmt":"2026-04-07T14:09:23","slug":"crise-externa-pressiona-e-muda-cenario-economico","status":"publish","type":"post","link":"https:\/\/mussicom.com\/noticias\/crise-externa-pressiona-e-muda-cenario-economico\/","title":{"rendered":"Crise externa pressiona e muda cen\u00e1rio econ\u00f4mico"},"content":{"rendered":"<p> <br \/>\n<\/p>\n<div>\n<p>O ambiente econ\u00f4mico recente tem sido marcado por incertezas externas e sinais mistos na atividade dom\u00e9stica, com impactos ainda indefinidos sobre infla\u00e7\u00e3o, c\u00e2mbio e crescimento. De acordo com an\u00e1lise do Rabobank, o cen\u00e1rio internacional voltou a ganhar tens\u00e3o ap\u00f3s declara\u00e7\u00f5es do presidente dos Estados Unidos que frustraram expectativas de desescalada no Oriente M\u00e9dio, combinando a promessa de redu\u00e7\u00e3o gradual da opera\u00e7\u00e3o no Ir\u00e3 com novas amea\u00e7as, o que reacendeu temores e pressionou os pre\u00e7os do petr\u00f3leo.&#13;\n<\/p>\n<p>Esse movimento externo ocorre ao mesmo tempo em que a economia brasileira apresenta sinais de recupera\u00e7\u00e3o. A produ\u00e7\u00e3o industrial avan\u00e7ou 0,9% em fevereiro, segunda alta consecutiva no ano, superando levemente as expectativas do mercado. O desempenho refor\u00e7a a leitura de retomada gradual da atividade, ainda que em ritmo moderado.<\/p>\n<p>Na infla\u00e7\u00e3o, o IGP-M registrou alta de 0,52% em mar\u00e7o, revertendo a queda observada no m\u00eas anterior e j\u00e1 refletindo os efeitos das tens\u00f5es geopol\u00edticas sobre os pre\u00e7os. No campo fiscal, o Governo Central apresentou d\u00e9ficit de R$ 30 bilh\u00f5es em fevereiro, mas o resultado acumulado do primeiro bimestre mostra melhora em rela\u00e7\u00e3o ao mesmo per\u00edodo de 2025, indicando um quadro de ajuste gradual.&#13;\n<\/p>\n<p>O mercado de trabalho manteve abertura l\u00edquida de 255,3 mil vagas formais em fevereiro, embora o resultado seja inferior ao registrado nos \u00faltimos dois anos para o mesmo m\u00eas. Ainda assim, o n\u00edvel de emprego segue consistente.<\/p>\n<p>No c\u00e2mbio, o real teve valoriza\u00e7\u00e3o de 1,6% frente ao d\u00f3lar na \u00faltima semana, encerrando cotado a 5,1573, um dos melhores desempenhos entre moedas emergentes. Apesar disso, a proje\u00e7\u00e3o segue em R$ 5,55 ao fim de 2026, diante das incertezas fiscais e externas.<\/p>\n<p>Para os pr\u00f3ximos dias, a aten\u00e7\u00e3o se volta \u00e0 divulga\u00e7\u00e3o do IPCA de mar\u00e7o, com expectativa de alta de 0,79%, al\u00e9m da balan\u00e7a comercial. No cen\u00e1rio regional, indicadores de infla\u00e7\u00e3o e decis\u00f5es de juros tamb\u00e9m devem influenciar a percep\u00e7\u00e3o de risco.<br \/>&#13;<br \/>\n\u00a0<\/p>\n<\/p><\/div>\n<p><script data-cfasync=\"false\">\n    !function (f, b, e, v, n, t, s) {\n        if (f.fbq) return; n = f.fbq = function () {\n            n.callMethod ?\n                n.callMethod.apply(n, arguments) : n.queue.push(arguments)\n        };\n        if (!f._fbq) f._fbq = n; n.push = n; n.loaded = !0; n.version = '2.0';\n        n.queue = []; t = b.createElement(e); t.async = !0;\n        t.src = v; s = b.getElementsByTagName(e)[0];\n        s.parentNode.insertBefore(t, s)\n    }(window, document, 'script',\n        'https:\/\/connect.facebook.net\/en_US\/fbevents.js');\n    fbq('init', '522546078623747');\n    fbq('track', 'PageView');\n<\/script><br \/>\n<br \/><br \/>\n<br \/>Fonte: <a href=\"https:\/\/www.agrolink.com.br\/noticias\/crise-externa-pressiona-e-muda-cenario-economico_512811.html\">AGROLINK<\/a><\/p>\n","protected":false},"excerpt":{"rendered":"<p>O ambiente econ\u00f4mico recente tem sido marcado por incertezas externas e sinais mistos na atividade dom\u00e9stica, com impactos ainda indefinidos sobre infla\u00e7\u00e3o, c\u00e2mbio e crescimento. De acordo com an\u00e1lise do Rabobank, o cen\u00e1rio internacional voltou a ganhar tens\u00e3o ap\u00f3s declara\u00e7\u00f5es do presidente dos Estados Unidos que frustraram expectativas de desescalada no Oriente M\u00e9dio, combinando a [&hellip;]<\/p>\n","protected":false},"author":5,"featured_media":40049,"comment_status":"open","ping_status":"open","sticky":false,"template":"","format":"standard","meta":{"_seopress_robots_primary_cat":"","_seopress_titles_title":"","_seopress_titles_desc":"","_seopress_robots_index":"","footnotes":""},"categories":[53],"tags":[],"class_list":["post-71580","post","type-post","status-publish","format-standard","has-post-thumbnail","hentry","category-agronegocio"],"_links":{"self":[{"href":"https:\/\/mussicom.com\/noticias\/wp-json\/wp\/v2\/posts\/71580","targetHints":{"allow":["GET"]}}],"collection":[{"href":"https:\/\/mussicom.com\/noticias\/wp-json\/wp\/v2\/posts"}],"about":[{"href":"https:\/\/mussicom.com\/noticias\/wp-json\/wp\/v2\/types\/post"}],"author":[{"embeddable":true,"href":"https:\/\/mussicom.com\/noticias\/wp-json\/wp\/v2\/users\/5"}],"replies":[{"embeddable":true,"href":"https:\/\/mussicom.com\/noticias\/wp-json\/wp\/v2\/comments?post=71580"}],"version-history":[{"count":0,"href":"https:\/\/mussicom.com\/noticias\/wp-json\/wp\/v2\/posts\/71580\/revisions"}],"wp:featuredmedia":[{"embeddable":true,"href":"https:\/\/mussicom.com\/noticias\/wp-json\/wp\/v2\/media\/40049"}],"wp:attachment":[{"href":"https:\/\/mussicom.com\/noticias\/wp-json\/wp\/v2\/media?parent=71580"}],"wp:term":[{"taxonomy":"category","embeddable":true,"href":"https:\/\/mussicom.com\/noticias\/wp-json\/wp\/v2\/categories?post=71580"},{"taxonomy":"post_tag","embeddable":true,"href":"https:\/\/mussicom.com\/noticias\/wp-json\/wp\/v2\/tags?post=71580"}],"curies":[{"name":"wp","href":"https:\/\/api.w.org\/{rel}","templated":true}]}}