{"id":7156,"date":"2025-03-22T03:19:17","date_gmt":"2025-03-22T06:19:17","guid":{"rendered":"https:\/\/www.mussicom.com\/deputado-comenta-suspensao-da-desapropriacao\/"},"modified":"2025-03-22T03:19:17","modified_gmt":"2025-03-22T06:19:17","slug":"deputado-comenta-suspensao-da-desapropriacao","status":"publish","type":"post","link":"https:\/\/mussicom.com\/noticias\/deputado-comenta-suspensao-da-desapropriacao\/","title":{"rendered":"deputado comenta suspens\u00e3o da desapropria\u00e7\u00e3o"},"content":{"rendered":"<p> <br \/>\n<\/p>\n<div id=\"hd80s9wa1h892edh8192\">\n<p>O deputado federal Evair Vieira de Melo (Progressistas-ES) comemorou a <strong>decis\u00e3o da Justi\u00e7a que, nesta ter\u00e7a-feira, 18, suspendeu a desapropria\u00e7\u00e3o da fam\u00edlia Bettim<\/strong>. Em v\u00eddeo divulgado nas redes sociais, ele afirmou ter expectativa de que o Tribunal Regional Federal da 2\u00aa Regi\u00e3o (TRF-2) reconhe\u00e7a os erros na condu\u00e7\u00e3o do processo.\u00a0<\/p>\n<p><strong>+ Leia mais not\u00edcias do Agroneg\u00f3cio em Oeste<\/strong><\/p>\n<p>A desapropria\u00e7\u00e3o da fazenda dos Bettim pelo <strong>Instituto Nacional de Coloniza\u00e7\u00e3o e Reforma Agr\u00e1ria (Incra)<\/strong> est\u00e1 suspensa at\u00e9 o fim do julgamento do agravo interno da a\u00e7\u00e3o \u2014 quando o mesmo tribunal delibera a respeito de um determinado caso, no caso, o TRF-2.<\/p>\n<p><center><\/p>\n<blockquote class=\"instagram-media\" data-instgrm-captioned=\"\" data-instgrm-permalink=\"https:\/\/www.instagram.com\/reel\/DHXKijFuAr-\/?utm_source=ig_embed&amp;utm_campaign=loading\" data-instgrm-version=\"14\" style=\" background:#FFF; border:0; border-radius:3px; box-shadow:0 0 1px 0 rgba(0,0,0,0.5),0 1px 10px 0 rgba(0,0,0,0.15); margin: 1px; max-width:540px; min-width:326px; padding:0; width:99.375%; width:-webkit-calc(100% - 2px); width:calc(100% - 2px);\"\/><p>\n<\/center><\/p>\n<p>A suspens\u00e3o \u201c\u00e9 uma vit\u00f3ria provis\u00f3ria\u201d, disse Vieira de Melo. \u201cMas uma vit\u00f3ria importante e mais uma luz de esperan\u00e7a, da certeza de restabelecer o direito de propriedade no Brasil\u201d, prosseguiu o parlamentar. \u201cO reconhecimento da legitimidade da <strong>fam\u00edlia Bettim<\/strong> e restabelecer tamb\u00e9m a seguran\u00e7a jur\u00eddica no campo do Esp\u00edrito Santo.\u201d<\/p>\n<p>Assim como o congressista federal, o deputado estadual Lucas Polese (PL-ES) e o senador Magno Malta (PL-ES) tamb\u00e9m comemoraram a suspens\u00e3o da desapropria\u00e7\u00e3o da Fazenda Floresta &amp; Texas, propriedade dos Bettim h\u00e1 mais de 60 anos. O trio tem se envolvido diretamente no amparo \u00e0 fam\u00edlia.<\/p>\n<h2 class=\"wp-block-heading\"><strong>Advogados encontram erros processuais na a\u00e7\u00e3o do Incra contra os Bettim<\/strong><\/h2>\n<p>O deputado Evair Vieira de Melo \u00e9 ex-presidente da Comiss\u00e3o de Agricultura da C\u00e2mara dos Deputados e coordenador da comiss\u00e3o de Direito de Propriedade da Frente Parlamentar Agropecu\u00e1ria (FPA). Ele conta que sua assessoria, em parceria com outros advogados, identificou erros graves na condu\u00e7\u00e3o do processo.\u00a0<\/p>\n<p><center><\/p>\n<blockquote class=\"instagram-media\" data-instgrm-captioned=\"\" data-instgrm-permalink=\"https:\/\/www.instagram.com\/reel\/DHXJrWCxxiZ\/?utm_source=ig_embed&amp;utm_campaign=loading\" data-instgrm-version=\"14\" style=\" background:#FFF; border:0; border-radius:3px; box-shadow:0 0 1px 0 rgba(0,0,0,0.5),0 1px 10px 0 rgba(0,0,0,0.15); margin: 1px; max-width:540px; min-width:326px; padding:0; width:99.375%; width:-webkit-calc(100% - 2px); width:calc(100% - 2px);\"\/><p>\n<\/center><\/p>\n<p>Diante disso, Vieira de Mello afirma ter certeza de que o juiz do caso, ao analisar o m\u00e9rito do agravo interno, reconhecer\u00e1 os erros processuais, o que deve resultar em um arquivamento definitivo do caso. \u201cTenho certeza que ser\u00e1 reconhecido o m\u00e9rito\u201d, afirmou. \u201cE a fam\u00edlia Bettim ter\u00e1 a sua propriedade devolvida \u00e0 sua seguran\u00e7a.\u201d<\/p>\n<p>Al\u00e9m de ter esperan\u00e7a no fim do processo contra os Bettim, o deputado federal expressa o desejo de \u201cbotar, enfim, um freio nessas desapropria\u00e7\u00f5es que, de forma irrespons\u00e1vel, o governo Lula tem proporcionado em todo o Brasil.\u201d\u00a0<\/p>\n<\/p><\/div>\n<p><script async src=\"\/\/www.instagram.com\/embed.js\"><\/script><br \/>\n<br \/><br \/>\n<br \/>Fonte: <a href=\"https:\/\/revistaoeste.com\/agronegocio\/caso-bettim-deputado-define-suspensao-da-desapropriacao-como-uma-luz-de-esperanca\/\">Revista Oeste<\/a><\/p>\n","protected":false},"excerpt":{"rendered":"<p>O deputado federal Evair Vieira de Melo (Progressistas-ES) comemorou a decis\u00e3o da Justi\u00e7a que, nesta ter\u00e7a-feira, 18, suspendeu a desapropria\u00e7\u00e3o da fam\u00edlia Bettim. Em v\u00eddeo divulgado nas redes sociais, ele afirmou ter expectativa de que o Tribunal Regional Federal da 2\u00aa Regi\u00e3o (TRF-2) reconhe\u00e7a os erros na condu\u00e7\u00e3o do processo.\u00a0 + Leia mais not\u00edcias do [&hellip;]<\/p>\n","protected":false},"author":5,"featured_media":7157,"comment_status":"open","ping_status":"open","sticky":false,"template":"","format":"standard","meta":{"_seopress_robots_primary_cat":"","_seopress_titles_title":"","_seopress_titles_desc":"","_seopress_robots_index":"","footnotes":""},"categories":[53],"tags":[],"class_list":["post-7156","post","type-post","status-publish","format-standard","has-post-thumbnail","hentry","category-agronegocio"],"_links":{"self":[{"href":"https:\/\/mussicom.com\/noticias\/wp-json\/wp\/v2\/posts\/7156","targetHints":{"allow":["GET"]}}],"collection":[{"href":"https:\/\/mussicom.com\/noticias\/wp-json\/wp\/v2\/posts"}],"about":[{"href":"https:\/\/mussicom.com\/noticias\/wp-json\/wp\/v2\/types\/post"}],"author":[{"embeddable":true,"href":"https:\/\/mussicom.com\/noticias\/wp-json\/wp\/v2\/users\/5"}],"replies":[{"embeddable":true,"href":"https:\/\/mussicom.com\/noticias\/wp-json\/wp\/v2\/comments?post=7156"}],"version-history":[{"count":0,"href":"https:\/\/mussicom.com\/noticias\/wp-json\/wp\/v2\/posts\/7156\/revisions"}],"wp:featuredmedia":[{"embeddable":true,"href":"https:\/\/mussicom.com\/noticias\/wp-json\/wp\/v2\/media\/7157"}],"wp:attachment":[{"href":"https:\/\/mussicom.com\/noticias\/wp-json\/wp\/v2\/media?parent=7156"}],"wp:term":[{"taxonomy":"category","embeddable":true,"href":"https:\/\/mussicom.com\/noticias\/wp-json\/wp\/v2\/categories?post=7156"},{"taxonomy":"post_tag","embeddable":true,"href":"https:\/\/mussicom.com\/noticias\/wp-json\/wp\/v2\/tags?post=7156"}],"curies":[{"name":"wp","href":"https:\/\/api.w.org\/{rel}","templated":true}]}}