{"id":71537,"date":"2026-04-07T06:58:20","date_gmt":"2026-04-07T09:58:20","guid":{"rendered":"https:\/\/mussicom.com\/instituto-federal-de-santos-dara-inicio-a-cursos-no-segundo-semestre\/"},"modified":"2026-04-07T06:58:20","modified_gmt":"2026-04-07T09:58:20","slug":"instituto-federal-de-santos-dara-inicio-a-cursos-no-segundo-semestre","status":"publish","type":"post","link":"https:\/\/mussicom.com\/noticias\/instituto-federal-de-santos-dara-inicio-a-cursos-no-segundo-semestre\/","title":{"rendered":"Instituto Federal de Santos dar\u00e1 in\u00edcio a cursos no segundo semestre"},"content":{"rendered":"<p> <br \/>\n<\/p>\n<div>\n<p>As obras para adequa\u00e7\u00e3o da futura unidade do Instituto Federal de S\u00e3o Paulo (IFSP) em Santos est\u00e3o adiantadas, com algumas salas mobiliadas e equipadas. O campus universit\u00e1rio funcionar\u00e1 no Parque Tecnol\u00f3gico (Rua Henrique Porchat, 47, Vila Nova), a partir do segundo semestre. O conv\u00eanio de cess\u00e3o de uso foi assinado em junho de 2025 e prev\u00ea a instala\u00e7\u00e3o, por 20 anos, para a realiza\u00e7\u00e3o de cursos de forma\u00e7\u00f5es t\u00e9cnica e superior.<\/p>\n<p>O diretor de implanta\u00e7\u00e3o do Campus Santos do IF, Jos\u00e9 Roberto da Silva, explica que a unidade est\u00e1 preparada para receber 40 professores, 26 t\u00e9cnicos administrativos e 480 alunos. \u201cOs cursos, neste ano, ser\u00e3o de forma\u00e7\u00e3o r\u00e1pida, mas n\u00f3s j\u00e1 iremos trabalhar no projeto pedag\u00f3gico para 2027, com cursos em per\u00edodo integral aqui e em breve para o Mercado Municipal\u201d. Segundo ele, a previs\u00e3o \u00e9 que o instituto em Santos receba 1,4 mil alunos, sendo 50% das vagas para pessoas de baixa renda.<\/p>\n<p>Dois andares do pr\u00e9dio (primeiro e segundo), numa \u00e1rea de 2.400 metros quadrados, passam por adapta\u00e7\u00f5es quase finalizadas. Preveem laborat\u00f3rio de inform\u00e1tica, seis salas de aulas, de professores e dos setores administrativo, secretaria e biblioteca. O projeto faz parte da expans\u00e3o dos institutos no Brasil, com foco em ci\u00eancia, tecnologia e inova\u00e7\u00e3o.<\/p>\n<p>\u201cA cidade tinha um grande anseio pela vinda de um Instituto Federal j\u00e1 consagrado. O primeiro passo foi dado com o campus I; o futuro campus II ser\u00e1 instalado em um anexo do Mercado Municipal. Essa unidade junto com a revitaliza\u00e7\u00e3o do Mercado e o VLT ir\u00e3o incorporar a revitaliza\u00e7\u00e3o do Centro Hist\u00f3rico\u201d, afirma o prefeito Rog\u00e9rio Santos, que ontem (6) vistoriou as adapta\u00e7\u00f5es no im\u00f3vel.<\/p>\n<\/div>\n<p><br \/>\n<br \/>Fonte: <a href=\"https:\/\/jornaldaorla.com.br\/noticias\/instituto-federal-de-santos-dara-inicio-a-cursos-no-segundo-semestre\/\">Jornal Da Orla<\/a><\/p>\n","protected":false},"excerpt":{"rendered":"<p>As obras para adequa\u00e7\u00e3o da futura unidade do Instituto Federal de S\u00e3o Paulo (IFSP) em Santos est\u00e3o adiantadas, com algumas salas mobiliadas e equipadas. O campus universit\u00e1rio funcionar\u00e1 no Parque Tecnol\u00f3gico (Rua Henrique Porchat, 47, Vila Nova), a partir do segundo semestre. O conv\u00eanio de cess\u00e3o de uso foi assinado em junho de 2025 e [&hellip;]<\/p>\n","protected":false},"author":5,"featured_media":71538,"comment_status":"open","ping_status":"open","sticky":false,"template":"","format":"standard","meta":{"_seopress_robots_primary_cat":"","_seopress_titles_title":"","_seopress_titles_desc":"","_seopress_robots_index":"","footnotes":""},"categories":[52],"tags":[],"class_list":["post-71537","post","type-post","status-publish","format-standard","has-post-thumbnail","hentry","category-santoseregiao"],"_links":{"self":[{"href":"https:\/\/mussicom.com\/noticias\/wp-json\/wp\/v2\/posts\/71537","targetHints":{"allow":["GET"]}}],"collection":[{"href":"https:\/\/mussicom.com\/noticias\/wp-json\/wp\/v2\/posts"}],"about":[{"href":"https:\/\/mussicom.com\/noticias\/wp-json\/wp\/v2\/types\/post"}],"author":[{"embeddable":true,"href":"https:\/\/mussicom.com\/noticias\/wp-json\/wp\/v2\/users\/5"}],"replies":[{"embeddable":true,"href":"https:\/\/mussicom.com\/noticias\/wp-json\/wp\/v2\/comments?post=71537"}],"version-history":[{"count":0,"href":"https:\/\/mussicom.com\/noticias\/wp-json\/wp\/v2\/posts\/71537\/revisions"}],"wp:featuredmedia":[{"embeddable":true,"href":"https:\/\/mussicom.com\/noticias\/wp-json\/wp\/v2\/media\/71538"}],"wp:attachment":[{"href":"https:\/\/mussicom.com\/noticias\/wp-json\/wp\/v2\/media?parent=71537"}],"wp:term":[{"taxonomy":"category","embeddable":true,"href":"https:\/\/mussicom.com\/noticias\/wp-json\/wp\/v2\/categories?post=71537"},{"taxonomy":"post_tag","embeddable":true,"href":"https:\/\/mussicom.com\/noticias\/wp-json\/wp\/v2\/tags?post=71537"}],"curies":[{"name":"wp","href":"https:\/\/api.w.org\/{rel}","templated":true}]}}