{"id":7147,"date":"2025-03-22T02:26:06","date_gmt":"2025-03-22T05:26:06","guid":{"rendered":"https:\/\/www.mussicom.com\/eua-comecam-a-revogar-vistos-de-apoiadores-do-hamas\/"},"modified":"2025-03-22T02:26:06","modified_gmt":"2025-03-22T05:26:06","slug":"eua-comecam-a-revogar-vistos-de-apoiadores-do-hamas","status":"publish","type":"post","link":"https:\/\/mussicom.com\/noticias\/eua-comecam-a-revogar-vistos-de-apoiadores-do-hamas\/","title":{"rendered":"EUA come\u00e7am a revogar vistos de apoiadores do Hamas"},"content":{"rendered":"<p> <br \/>\n<\/p>\n<div id=\"hd80s9wa1h892edh8192\">\n<p>Nos \u00faltimos dias, uma not\u00edcia chamou a aten\u00e7\u00e3o no Brasil e no mundo: os Estados Unidos est\u00e3o revogando vistos de estrangeiros identificados como apoiadores do grupo terrorista Hamas. A informa\u00e7\u00e3o ganhou destaque depois de entrevista do secret\u00e1rio de Estado dos EUA, Marco Rubio, conceder entrevista \u00e0 emissora Fox News.<\/p>\n<figure class=\"wp-block-embed is-type-rich is-provider-twitter wp-block-embed-twitter\"\/>\n<p>De acordo com reportagens recentes, o Departamento de Estado dos EUA est\u00e1 utilizando intelig\u00eancia artificial (IA) para monitorar redes sociais e identificar indiv\u00edduos que possam estar associados ou expressando apoio ao Hamas. Essa tecnologia analisa postagens, coment\u00e1rios e at\u00e9 participa\u00e7\u00e3o em protestos para determinar se um estrangeiro viola as condi\u00e7\u00f5es de seu visto norte-americano.<\/p>\n<p>A iniciativa, batizada de \u201c<em>catch and revoke<\/em>\u201d (\u201cpegar e revogar\u201d, em tradu\u00e7\u00e3o livre), j\u00e1 est\u00e1 revisando milhares de contas de estudantes estrangeiros. O jornal brit\u00e2nico <em>The Guardian<\/em> <strong>publicou em sua vers\u00e3o on-line<\/strong> detalhes do relat\u00f3rio do governo norte-americano.<\/p>\n<p><strong>+ Leia mais not\u00edcias do Mundo em Oeste<\/strong><\/p>\n<p>A decis\u00e3o ocorre em um momento de intensas tens\u00f5es geopol\u00edticas. O Hamas, respons\u00e1vel por ataques em 2023 que <strong>mataram mais de 1,2 mil pessoas em Israel em 7 de outubro de 2023<\/strong>, \u00e9 considerado uma amea\u00e7a pelos EUA.<\/p>\n<p>Em janeiro de 2025, o presidente norte-americano, Donald Trump, assinou uma ordem executiva para combater o antissemitismo e, consequentemente, deportar cidad\u00e3os envolvidos em protestos pr\u00f3-Palestina e pr\u00f3-Hamas. As a\u00e7\u00f5es incluem a revoga\u00e7\u00e3o de vistos e <em>green cards<\/em>, como no caso do estudante palestino <strong>Mahmoud Khalil<\/strong>.<\/p>\n<figure class=\"wp-block-image aligncenter size-full\"><picture><source data-srcset=\"https:\/\/medias.revistaoeste.com\/wp-content\/uploads\/2025\/03\/Hamas.jpg.webp 640w, https:\/\/medias.revistaoeste.com\/wp-content\/uploads\/2025\/03\/Hamas-300x248.jpg.webp 300w, https:\/\/medias.revistaoeste.com\/wp-content\/uploads\/2025\/03\/Hamas-150x124.jpg.webp 150w\" data-sizes=\"(max-width: 640px) 100vw, 640px\" type=\"image\/webp\"><img fetchpriority=\"high\" decoding=\"async\" width=\"640\" height=\"530\" src=\"https:\/\/medias.revistaoeste.com\/wp-content\/uploads\/2025\/03\/Hamas.jpg\" alt=\"Hamas ref\u00e9ns israelenses\" class=\"wp-image-1903491\" srcset=\"https:\/\/medias.revistaoeste.com\/wp-content\/uploads\/2025\/03\/Hamas.jpg 640w, https:\/\/medias.revistaoeste.com\/wp-content\/uploads\/2025\/03\/Hamas-300x248.jpg 300w, https:\/\/medias.revistaoeste.com\/wp-content\/uploads\/2025\/03\/Hamas-150x124.jpg 150w\" sizes=\"(max-width: 640px) 100vw, 640px\" data-eio=\"p\"\/><\/source><\/picture><figcaption class=\"wp-element-caption\">Grupo terrorista Hamas, com base no territ\u00f3rio palestino da Faixa de Gaza, trava guerra contra Israel | Foto: RS\/Fotos P\u00fablicas<\/figcaption><\/figure>\n<h2 class=\"wp-block-heading\">Cancelamentos de vistos para al\u00e9m de apoiadores do Hamas<\/h2>\n<p>Sob a lei norte-americana, estrangeiros que \u201cendossam ou defendem atividades terroristas\u201d podem ter seus <em>status<\/em> migrat\u00f3rios revogados. Advogados e ativistas questionam se o governo est\u00e1 usando a lei para \u201csilenciar vozes pr\u00f3-Palestina\u201d, o que pode conflitar com a Primeira Emenda da Constitui\u00e7\u00e3o dos EUA, que protege a liberdade de express\u00e3o.<\/p>\n<p>A revoga\u00e7\u00e3o de vistos para apoiadores do Hamas \u00e9 apenas o come\u00e7o de uma s\u00e9rie de medidas migrat\u00f3rias prometidas pela administra\u00e7\u00e3o Trump. Especialistas em imigra\u00e7\u00e3o, <strong>como os do ouvidos pelo <em>City Journal<\/em><\/strong>, sugerem que essa pol\u00edtica pode se expandir para outros grupos terroristas que, assim como a fac\u00e7\u00e3o palestina, sejam considerados amea\u00e7as \u00e0 seguran\u00e7a nacional.<\/p>\n<\/p><\/div>\n<p><br \/>\n<br \/>Fonte: <a href=\"https:\/\/revistaoeste.com\/mundo\/eua-comecam-a-revogar-vistos-de-apoiadores-do-hamas\/\">Revista Oeste<\/a><\/p>\n","protected":false},"excerpt":{"rendered":"<p>Nos \u00faltimos dias, uma not\u00edcia chamou a aten\u00e7\u00e3o no Brasil e no mundo: os Estados Unidos est\u00e3o revogando vistos de estrangeiros identificados como apoiadores do grupo terrorista Hamas. A informa\u00e7\u00e3o ganhou destaque depois de entrevista do secret\u00e1rio de Estado dos EUA, Marco Rubio, conceder entrevista \u00e0 emissora Fox News. De acordo com reportagens recentes, o [&hellip;]<\/p>\n","protected":false},"author":5,"featured_media":7148,"comment_status":"open","ping_status":"open","sticky":false,"template":"","format":"standard","meta":{"_seopress_robots_primary_cat":"","_seopress_titles_title":"","_seopress_titles_desc":"","_seopress_robots_index":"","footnotes":""},"categories":[48],"tags":[],"class_list":["post-7147","post","type-post","status-publish","format-standard","has-post-thumbnail","hentry","category-internacional"],"_links":{"self":[{"href":"https:\/\/mussicom.com\/noticias\/wp-json\/wp\/v2\/posts\/7147","targetHints":{"allow":["GET"]}}],"collection":[{"href":"https:\/\/mussicom.com\/noticias\/wp-json\/wp\/v2\/posts"}],"about":[{"href":"https:\/\/mussicom.com\/noticias\/wp-json\/wp\/v2\/types\/post"}],"author":[{"embeddable":true,"href":"https:\/\/mussicom.com\/noticias\/wp-json\/wp\/v2\/users\/5"}],"replies":[{"embeddable":true,"href":"https:\/\/mussicom.com\/noticias\/wp-json\/wp\/v2\/comments?post=7147"}],"version-history":[{"count":0,"href":"https:\/\/mussicom.com\/noticias\/wp-json\/wp\/v2\/posts\/7147\/revisions"}],"wp:featuredmedia":[{"embeddable":true,"href":"https:\/\/mussicom.com\/noticias\/wp-json\/wp\/v2\/media\/7148"}],"wp:attachment":[{"href":"https:\/\/mussicom.com\/noticias\/wp-json\/wp\/v2\/media?parent=7147"}],"wp:term":[{"taxonomy":"category","embeddable":true,"href":"https:\/\/mussicom.com\/noticias\/wp-json\/wp\/v2\/categories?post=7147"},{"taxonomy":"post_tag","embeddable":true,"href":"https:\/\/mussicom.com\/noticias\/wp-json\/wp\/v2\/tags?post=7147"}],"curies":[{"name":"wp","href":"https:\/\/api.w.org\/{rel}","templated":true}]}}