{"id":71397,"date":"2026-04-06T13:37:19","date_gmt":"2026-04-06T16:37:19","guid":{"rendered":"https:\/\/mussicom.com\/defesa-de-filipe-martins-usa-relatorio-da-policia-penal-e-volta-a-pedir-transferencia\/"},"modified":"2026-04-06T13:37:19","modified_gmt":"2026-04-06T16:37:19","slug":"defesa-de-filipe-martins-usa-relatorio-da-policia-penal-e-volta-a-pedir-transferencia","status":"publish","type":"post","link":"https:\/\/mussicom.com\/noticias\/defesa-de-filipe-martins-usa-relatorio-da-policia-penal-e-volta-a-pedir-transferencia\/","title":{"rendered":"Defesa de Filipe Martins usa relat\u00f3rio da Pol\u00edcia Penal e volta a pedir transfer\u00eancia"},"content":{"rendered":"<p> <br \/>\n<\/p>\n<div id=\"tp-post-content\">\n<p class=\"postParagraph_post-paragraph__juWZN postParagraph_post-paragraph-innerHtml__Q5vwc\">A defesa de Filipe Martins voltou a pedir ao ministro do Supremo Tribunal Federal (STF) Alexandre de Moraes a transfer\u00eancia do ex-assessor da Casa de Cust\u00f3dia de Ponta Grossa (CCPG) para o Complexo M\u00e9dico Penal de Pinhais (CMP). Dessa vez, os advogados anexam um parecer t\u00e9cnico em que a Pol\u00edcia Penal do Paran\u00e1 detalha os riscos a que Filipe Martins est\u00e1 submetido ao ser um preso com exposi\u00e7\u00e3o midi\u00e1tica em um ambiente superlotado e destinado apenas \u00e0 carceragem transit\u00f3ria.<\/p>\n<p class=\"postParagraph_post-paragraph__juWZN postParagraph_post-paragraph-innerHtml__Q5vwc\">&#8220;H\u00e1 de se considerar a condi\u00e7\u00e3o de pessoa politicamente exposta e a alta repercuss\u00e3o midi\u00e1tica do caso [&#8230;]. Essa exposi\u00e7\u00e3o o coloca em situa\u00e7\u00e3o de extrema vulnerabilidade frente a outros detentos. Em um ambiente de superlota\u00e7\u00e3o e alta rotatividade como a CCPG, tal fator n\u00e3o apenas eleva o risco \u00e0 integridade f\u00edsica do acautelado, mas tamb\u00e9m compromete a seguran\u00e7a org\u00e2nica de toda a unidade prisional&#8221;, diz o relat\u00f3rio, assinado pelo chefe da Assessoria T\u00e9cnica da Pol\u00edcia Penal do Paran\u00e1, Juliano Gon\u00e7alves Tavares de Oliveira.<\/p>\n<p class=\"postParagraph_post-paragraph__juWZN postParagraph_post-paragraph-innerHtml__Q5vwc\">O documento ainda detalha a superlota\u00e7\u00e3o da unidade, com 912 custodiados para 592 vagas. Outro ponto abordado, que \u00e9 alvo de cr\u00edticas da defesa, \u00e9 o fato de que o estabelecimento destina-se \u00e0 pris\u00e3o preventiva ou tempor\u00e1ria, n\u00e3o sendo voltado para cumprimento de pena. Em tese, Filipe Martins ainda cumpre pris\u00e3o preventiva, isso porque o caso, julgado h\u00e1 mais de tr\u00eas meses, ainda n\u00e3o foi oficialmente encerrado pelo Supremo.<\/p>\n<p class=\"postParagraph_post-paragraph__juWZN postParagraph_post-paragraph-innerHtml__Q5vwc\">&#8220;\u00c9 exatamente esse cen\u00e1rio f\u00e1tico de superlota\u00e7\u00e3o combinada com alt\u00edssima rotatividade de presos de diversos perfis que inviabiliza a garantia de segrega\u00e7\u00e3o absoluta e o controle rigoroso de intera\u00e7\u00f5es&#8221;, explica o documento.<\/p>\n<p class=\"postParagraph_post-paragraph__juWZN postParagraph_post-paragraph-innerHtml__Q5vwc\">Filipe Martins foi transferido \u00e0s pressas e sem o aval de Moraes ap\u00f3s os detentos amea\u00e7arem uma rebeli\u00e3o, por conta do tratamento diferenciado conferido a ele. Mesmo assim, o ministro, ao saber da transfer\u00eancia, mandou revert\u00ea-la.<\/p>\n<p class=\"postParagraph_post-paragraph__juWZN postParagraph_post-paragraph-innerHtml__Q5vwc\">A defesa argumenta que os of\u00edcios enviados anteriormente ao processo n\u00e3o detalhavam os riscos a que Martins estaria exposto na CCPG. J\u00e1 prevendo uma negativa de Moraes, eles pedem que a solicita\u00e7\u00e3o seja submetida ao plen\u00e1rio virtual da Primeira Turma, em sess\u00e3o extraordin\u00e1ria e urg\u00eancia.<\/p>\n<\/div>\n<p><br \/>\n<br \/>Fonte: <a href=\"https:\/\/www.gazetadopovo.com.br\/republica\/filipe-martins-defesa-usa-relatorio-da-policia-penal-e-volta-a-pedir-transferencia\/\">Revista Oeste<\/a><\/p>\n","protected":false},"excerpt":{"rendered":"<p>A defesa de Filipe Martins voltou a pedir ao ministro do Supremo Tribunal Federal (STF) Alexandre de Moraes a transfer\u00eancia do ex-assessor da Casa de Cust\u00f3dia de Ponta Grossa (CCPG) para o Complexo M\u00e9dico Penal de Pinhais (CMP). Dessa vez, os advogados anexam um parecer t\u00e9cnico em que a Pol\u00edcia Penal do Paran\u00e1 detalha os [&hellip;]<\/p>\n","protected":false},"author":5,"featured_media":71398,"comment_status":"open","ping_status":"open","sticky":false,"template":"","format":"standard","meta":{"_seopress_robots_primary_cat":"","_seopress_titles_title":"","_seopress_titles_desc":"","_seopress_robots_index":"","footnotes":""},"categories":[1],"tags":[],"class_list":["post-71397","post","type-post","status-publish","format-standard","has-post-thumbnail","hentry","category-ultimas-noticias"],"_links":{"self":[{"href":"https:\/\/mussicom.com\/noticias\/wp-json\/wp\/v2\/posts\/71397","targetHints":{"allow":["GET"]}}],"collection":[{"href":"https:\/\/mussicom.com\/noticias\/wp-json\/wp\/v2\/posts"}],"about":[{"href":"https:\/\/mussicom.com\/noticias\/wp-json\/wp\/v2\/types\/post"}],"author":[{"embeddable":true,"href":"https:\/\/mussicom.com\/noticias\/wp-json\/wp\/v2\/users\/5"}],"replies":[{"embeddable":true,"href":"https:\/\/mussicom.com\/noticias\/wp-json\/wp\/v2\/comments?post=71397"}],"version-history":[{"count":0,"href":"https:\/\/mussicom.com\/noticias\/wp-json\/wp\/v2\/posts\/71397\/revisions"}],"wp:featuredmedia":[{"embeddable":true,"href":"https:\/\/mussicom.com\/noticias\/wp-json\/wp\/v2\/media\/71398"}],"wp:attachment":[{"href":"https:\/\/mussicom.com\/noticias\/wp-json\/wp\/v2\/media?parent=71397"}],"wp:term":[{"taxonomy":"category","embeddable":true,"href":"https:\/\/mussicom.com\/noticias\/wp-json\/wp\/v2\/categories?post=71397"},{"taxonomy":"post_tag","embeddable":true,"href":"https:\/\/mussicom.com\/noticias\/wp-json\/wp\/v2\/tags?post=71397"}],"curies":[{"name":"wp","href":"https:\/\/api.w.org\/{rel}","templated":true}]}}