{"id":71393,"date":"2026-04-06T12:46:19","date_gmt":"2026-04-06T15:46:19","guid":{"rendered":"https:\/\/mussicom.com\/tecnoshow-comigo-2026-aposta-em-passaporte-e-adesivos-interativos-para-promover-conexao-entre-visitantes\/"},"modified":"2026-04-06T12:46:19","modified_gmt":"2026-04-06T15:46:19","slug":"tecnoshow-comigo-2026-aposta-em-passaporte-e-adesivos-interativos-para-promover-conexao-entre-visitantes","status":"publish","type":"post","link":"https:\/\/mussicom.com\/noticias\/tecnoshow-comigo-2026-aposta-em-passaporte-e-adesivos-interativos-para-promover-conexao-entre-visitantes\/","title":{"rendered":"Tecnoshow COMIGO 2026 aposta em passaporte e adesivos interativos para promover conex\u00e3o entre visitantes"},"content":{"rendered":"<p> <br \/>\n<\/p>\n<div>\n<p style=\"text-align:justify\">A Tecnoshow COMIGO 2026 aposta em experi\u00eancias interativas para refor\u00e7ar o conceito \u201cO Agro Conecta\u201d, com iniciativas que estimulam a circula\u00e7\u00e3o e o engajamento do p\u00fablico ao longo de toda a programa\u00e7\u00e3o. O \u201cPassaporte das Conex\u00f5es\u201d, voltado exclusivamente aos cooperados, e o \u201cAdesivo de Conex\u00e3o\u201d, aberto a todos os visitantes, consolidam a proposta de promover encontros e trocas durante a feira, que ser\u00e1 realizada de 6 a 10 de abril, em Rio Verde (GO).&#13;\n<\/p>\n<p style=\"text-align:justify\">O \u201cPassaporte das Conex\u00f5es\u201d, um item colecion\u00e1vel, desenvolvido em formato de livreto, convida o cooperado a percorrer sete esta\u00e7\u00f5es tem\u00e1ticas distribu\u00eddas pelo evento. Inspirado em passaportes tradicionais, re\u00fane elementos visuais da feira e espa\u00e7os internos destinados aos carimbos, que registram a jornada do participante de forma pr\u00e1tica e interativa.<\/p>\n<p style=\"text-align:justify\">A din\u00e2mica tem in\u00edcio com a retirada do passaporte na Boutique Tecnoshow, mediante cadastro. Ao longo do circuito, o cooperado \u00e9 incentivado a visitar diferentes espa\u00e7os, como os plots de Agricultura e Pecu\u00e1ria, a Loja COMIGO, a Pra\u00e7a do \u00d3leo, a \u00e1rea de distribui\u00e7\u00e3o de mudas, o Espa\u00e7o Tecnologia e Inova\u00e7\u00e3o e o Espa\u00e7o Sementinhas do Agro. Em cada parada, ao concluir as atividades propostas, recebe um carimbo correspondente \u00e0 tem\u00e1tica da esta\u00e7\u00e3o, avan\u00e7ando no percurso de conex\u00f5es.&#13;\n<\/p>\n<p style=\"text-align:justify\">Ao concluir o trajeto, o participante deve entregar o passaporte na Casa do Cooperativismo, garantindo um pin e um kit conector. Como incentivo adicional, os cooperados tamb\u00e9m poder\u00e3o participar de tr\u00eas sorteios, que ter\u00e3o como pr\u00eamio \u00f3culos Ray-Ban Meta, equipados com recursos tecnol\u00f3gicos que permitem gravar v\u00eddeos, tirar fotos, ouvir m\u00fasica e utilizar a Meta AI.<\/p>\n<p style=\"text-align:justify\">Complementando a proposta, o \u201cAdesivo de Conex\u00e3o\u201d amplia a experi\u00eancia para todo o p\u00fablico da feira. Distribu\u00eddos nas portarias ap\u00f3s o cadastro nos totens de entrada, os adesivos apresentam n\u00fameros repetidos entre os visitantes, estimulando a intera\u00e7\u00e3o. Ao encontrar outra pessoa com a mesma numera\u00e7\u00e3o, ambos recebem um voucher de R$ 150,00 para utiliza\u00e7\u00e3o na Boutique, promovendo conex\u00f5es espont\u00e2neas e fortalecendo o relacionamento entre os participantes.&#13;\n<\/p>\n<p style=\"text-align:justify\">\u201cAs iniciativas foram pensadas para transformar a visita em uma experi\u00eancia mais participativa e significativa, incentivando o p\u00fablico a circular por diferentes espa\u00e7os e a interagir entre si. Ao conectar pessoas, conhecimento e oportunidades, fortalecemos o prop\u00f3sito da Tecnoshow como um ambiente de troca e constru\u00e7\u00e3o conjunta no agro\u201d, afirma a coordenadora de comunica\u00e7\u00e3o da Tecnoshow COMIGO, Gabriele Triches.<\/p>\n<p style=\"text-align:justify\">Servi\u00e7o<br \/>&#13;<br \/>\nTecnoshow COMIGO 2026<br \/>&#13;<br \/>\nData: 6 a 10 de abril de 2026<br \/>&#13;<br \/>\nHor\u00e1rio: 8h \u00e0s 18h<br \/>&#13;<br \/>\nLocal: Centro Tecnol\u00f3gico COMIGO (CTC) \u2013 Rio Verde (GO)<br \/>&#13;<br \/>\nEntrada gratuita<\/p>\n<\/p><\/div>\n<p><script data-cfasync=\"false\">\n    !function (f, b, e, v, n, t, s) {\n        if (f.fbq) return; n = f.fbq = function () {\n            n.callMethod ?\n                n.callMethod.apply(n, arguments) : n.queue.push(arguments)\n        };\n        if (!f._fbq) f._fbq = n; n.push = n; n.loaded = !0; n.version = '2.0';\n        n.queue = []; t = b.createElement(e); t.async = !0;\n        t.src = v; s = b.getElementsByTagName(e)[0];\n        s.parentNode.insertBefore(t, s)\n    }(window, document, 'script',\n        'https:\/\/connect.facebook.net\/en_US\/fbevents.js');\n    fbq('init', '522546078623747');\n    fbq('track', 'PageView');\n<\/script><br \/>\n<br \/><br \/>\n<br \/>Fonte: <a href=\"https:\/\/www.agrolink.com.br\/noticias\/tecnoshow-comigo-2026-aposta-em-passaporte-e-adesivos-interativos-para-promover-conexao-entre-visitantes_512771.html\">AGROLINK<\/a><\/p>\n","protected":false},"excerpt":{"rendered":"<p>A Tecnoshow COMIGO 2026 aposta em experi\u00eancias interativas para refor\u00e7ar o conceito \u201cO Agro Conecta\u201d, com iniciativas que estimulam a circula\u00e7\u00e3o e o engajamento do p\u00fablico ao longo de toda a programa\u00e7\u00e3o. O \u201cPassaporte das Conex\u00f5es\u201d, voltado exclusivamente aos cooperados, e o \u201cAdesivo de Conex\u00e3o\u201d, aberto a todos os visitantes, consolidam a proposta de promover [&hellip;]<\/p>\n","protected":false},"author":5,"featured_media":71394,"comment_status":"open","ping_status":"open","sticky":false,"template":"","format":"standard","meta":{"_seopress_robots_primary_cat":"","_seopress_titles_title":"","_seopress_titles_desc":"","_seopress_robots_index":"","footnotes":""},"categories":[53],"tags":[],"class_list":["post-71393","post","type-post","status-publish","format-standard","has-post-thumbnail","hentry","category-agronegocio"],"_links":{"self":[{"href":"https:\/\/mussicom.com\/noticias\/wp-json\/wp\/v2\/posts\/71393","targetHints":{"allow":["GET"]}}],"collection":[{"href":"https:\/\/mussicom.com\/noticias\/wp-json\/wp\/v2\/posts"}],"about":[{"href":"https:\/\/mussicom.com\/noticias\/wp-json\/wp\/v2\/types\/post"}],"author":[{"embeddable":true,"href":"https:\/\/mussicom.com\/noticias\/wp-json\/wp\/v2\/users\/5"}],"replies":[{"embeddable":true,"href":"https:\/\/mussicom.com\/noticias\/wp-json\/wp\/v2\/comments?post=71393"}],"version-history":[{"count":0,"href":"https:\/\/mussicom.com\/noticias\/wp-json\/wp\/v2\/posts\/71393\/revisions"}],"wp:featuredmedia":[{"embeddable":true,"href":"https:\/\/mussicom.com\/noticias\/wp-json\/wp\/v2\/media\/71394"}],"wp:attachment":[{"href":"https:\/\/mussicom.com\/noticias\/wp-json\/wp\/v2\/media?parent=71393"}],"wp:term":[{"taxonomy":"category","embeddable":true,"href":"https:\/\/mussicom.com\/noticias\/wp-json\/wp\/v2\/categories?post=71393"},{"taxonomy":"post_tag","embeddable":true,"href":"https:\/\/mussicom.com\/noticias\/wp-json\/wp\/v2\/tags?post=71393"}],"curies":[{"name":"wp","href":"https:\/\/api.w.org\/{rel}","templated":true}]}}