{"id":71319,"date":"2026-04-05T19:34:22","date_gmt":"2026-04-05T22:34:22","guid":{"rendered":"https:\/\/mussicom.com\/desembargador-que-viajou-com-nunes-marques-deu-liminar-a-filho-do-ministro-diz-jornal\/"},"modified":"2026-04-05T19:34:22","modified_gmt":"2026-04-05T22:34:22","slug":"desembargador-que-viajou-com-nunes-marques-deu-liminar-a-filho-do-ministro-diz-jornal","status":"publish","type":"post","link":"https:\/\/mussicom.com\/noticias\/desembargador-que-viajou-com-nunes-marques-deu-liminar-a-filho-do-ministro-diz-jornal\/","title":{"rendered":"Desembargador que viajou com Nunes Marques deu liminar a filho do ministro, diz jornal"},"content":{"rendered":"<p> <br \/>\n<\/p>\n<div id=\"tp-post-content\">\n<p class=\"postParagraph_post-paragraph__juWZN postParagraph_post-paragraph-innerHtml__Q5vwc\">O desembargador do Tribunal Regional Federal da 1\u00aa Regi\u00e3o (TRF-1) Newton Ramos teria concedido uma liminar favor\u00e1vel ao filho do ministro do Supremo Tribunal Federal (STF) Kassio Nunes Marques, o advogado Kevin de Carvalho Marques, um m\u00eas ap\u00f3s viajar com o ministro para Macei\u00f3 (AL), em novembro de 2025. As informa\u00e7\u00f5es s\u00e3o de reportagem do jornal <em>Estad\u00e3o.<\/em>\u00a0<\/p>\n<p class=\"postParagraph_post-paragraph__juWZN postParagraph_post-paragraph-innerHtml__Q5vwc\">Ramos \u00e9 casado com a advogada Camilla Ewerton Ramos, respons\u00e1vel por organizar e custear o voo at\u00e9 a capital alagoana. A reportagem disse que Camilla atua judicialmente para o Master em processos no STF.<\/p>\n<p class=\"postParagraph_post-paragraph__juWZN postParagraph_post-paragraph-innerHtml__Q5vwc\">Conforme o <em>Estad\u00e3o<\/em>, a advogada teria dito que a contrata\u00e7\u00e3o da aeronave, que pertence a uma empresa ligada ao empres\u00e1rio Daniel Vorcaro, controlador do Banco Master, foi privada, para celebrar seu anivers\u00e1rio com amigos.<\/p>\n<p class=\"postParagraph_post-paragraph__juWZN postParagraph_post-paragraph-innerHtml__Q5vwc\">A <strong>Gazeta do Povo <\/strong>tentou contato com o desembargador, por meio do TRF-1, e com o ministro Nunes Marques, por meio do STF, mas n\u00e3o obteve retorno at\u00e9 a publica\u00e7\u00e3o. O espa\u00e7o segue aberto para manifesta\u00e7\u00f5es.\u00a0<\/p>\n<div class=\"postViewMore_post-view-more-container___5wai\" data-mrf-recirculation=\"Post - Veja tamb\u00e9m\">\n<p class=\"gp-styles-module-size-small-afeYRa gp-styles-module-font-family2-afeYRa gp-styles-module-color-secondary-afeYRa gp-styles-module-weight-bold-afeYRa\">VEJA TAMB\u00c9M:<\/p>\n<ul class=\"postViewMore_post-view-more-list__CU_CE\">\n<li class=\"postViewMore_post-view-more-item__2MzRb\">\n<div class=\"postViewMore_post-view-more-image__5gUSe\"><picture class=\"imageDefault_image-container__XGd8_\"><\/picture><\/div>\n<p>Justi\u00e7a barra v\u00eddeo de Z\u00e9 Neto &amp; Cristiano associado a Vorcaro e intima dupla<\/li>\n<\/ul>\n<\/div>\n<h2 class=\"postParagraph_post-paragraph__juWZN postParagraph_post-paragraph-innerHtml__Q5vwc postParagraph_type-tag-h2__TtFkT\">Desembargador negou impedimento em liminar que envolveu filho de Nunes Marques<\/h2>\n<p class=\"postParagraph_post-paragraph__juWZN postParagraph_post-paragraph-innerHtml__Q5vwc\">\u00c0 reportagem do <em>Estad\u00e3o<\/em>, o desembargador afirmou que o caso [da liminar favor\u00e1vel ao filho do ministro do STF] \u201cn\u00e3o se enquadra nas hip\u00f3teses legais de impedimento\u201d. O filho de Nunes Marques n\u00e3o quis se manifestar ao jornal.<\/p>\n<p class=\"postParagraph_post-paragraph__juWZN postParagraph_post-paragraph-innerHtml__Q5vwc\">Segundo a reportagem, Kevin foi advogado em um processo do TRF-1 movido por uma refinaria, com o objetivo de contestar uma fiscaliza\u00e7\u00e3o da Ag\u00eancia Nacional do Petr\u00f3leo (ANP) que terminou na interdi\u00e7\u00e3o da refinaria.\u00a0<\/p>\n<p class=\"postParagraph_post-paragraph__juWZN postParagraph_post-paragraph-innerHtml__Q5vwc\">Em dezembro de 2025, os advogados teriam solicitado uma decis\u00e3o liminar provis\u00f3ria para suspender o julgamento do processo. Apesar de n\u00e3o ser o relator do processo, o desembargador teria atuado como relator substituto e proferiu a decis\u00e3o liminar acolhendo o pedido.\u00a0<\/p>\n<p class=\"postParagraph_post-paragraph__juWZN postParagraph_post-paragraph-innerHtml__Q5vwc\">Ainda conforme a reportagem, a rela\u00e7\u00e3o do desembargador do TRF-1 e do ministro do STF existe desde a \u00e9poca em que Nunes Ramos tamb\u00e9m era desembargador do TRF-1. Na \u00e9poca, Ramos era juiz federal de primeira inst\u00e2ncia e atuou como juiz auxiliar de Nunes Marques quando ele era vice-presidente do tribunal, entre os anos de 2018 e 2020. Em 2023, com apoio de Nunes Marques nos bastidores, Ramos foi promovido a desembargador do TRF-1.\u00a0<\/p>\n<\/div>\n<p><br \/>\n<br \/>Fonte: <a href=\"https:\/\/www.gazetadopovo.com.br\/republica\/desembargador-que-viajou-com-nunes-marques-deu-liminar-favoravel-a-filho-do-ministro-diz-jornal\/\">Revista Oeste<\/a><\/p>\n","protected":false},"excerpt":{"rendered":"<p>O desembargador do Tribunal Regional Federal da 1\u00aa Regi\u00e3o (TRF-1) Newton Ramos teria concedido uma liminar favor\u00e1vel ao filho do ministro do Supremo Tribunal Federal (STF) Kassio Nunes Marques, o advogado Kevin de Carvalho Marques, um m\u00eas ap\u00f3s viajar com o ministro para Macei\u00f3 (AL), em novembro de 2025. As informa\u00e7\u00f5es s\u00e3o de reportagem do [&hellip;]<\/p>\n","protected":false},"author":5,"featured_media":71320,"comment_status":"open","ping_status":"open","sticky":false,"template":"","format":"standard","meta":{"_seopress_robots_primary_cat":"","_seopress_titles_title":"","_seopress_titles_desc":"","_seopress_robots_index":"","footnotes":""},"categories":[1],"tags":[],"class_list":["post-71319","post","type-post","status-publish","format-standard","has-post-thumbnail","hentry","category-ultimas-noticias"],"_links":{"self":[{"href":"https:\/\/mussicom.com\/noticias\/wp-json\/wp\/v2\/posts\/71319","targetHints":{"allow":["GET"]}}],"collection":[{"href":"https:\/\/mussicom.com\/noticias\/wp-json\/wp\/v2\/posts"}],"about":[{"href":"https:\/\/mussicom.com\/noticias\/wp-json\/wp\/v2\/types\/post"}],"author":[{"embeddable":true,"href":"https:\/\/mussicom.com\/noticias\/wp-json\/wp\/v2\/users\/5"}],"replies":[{"embeddable":true,"href":"https:\/\/mussicom.com\/noticias\/wp-json\/wp\/v2\/comments?post=71319"}],"version-history":[{"count":0,"href":"https:\/\/mussicom.com\/noticias\/wp-json\/wp\/v2\/posts\/71319\/revisions"}],"wp:featuredmedia":[{"embeddable":true,"href":"https:\/\/mussicom.com\/noticias\/wp-json\/wp\/v2\/media\/71320"}],"wp:attachment":[{"href":"https:\/\/mussicom.com\/noticias\/wp-json\/wp\/v2\/media?parent=71319"}],"wp:term":[{"taxonomy":"category","embeddable":true,"href":"https:\/\/mussicom.com\/noticias\/wp-json\/wp\/v2\/categories?post=71319"},{"taxonomy":"post_tag","embeddable":true,"href":"https:\/\/mussicom.com\/noticias\/wp-json\/wp\/v2\/tags?post=71319"}],"curies":[{"name":"wp","href":"https:\/\/api.w.org\/{rel}","templated":true}]}}