{"id":71312,"date":"2026-04-05T17:32:17","date_gmt":"2026-04-05T20:32:17","guid":{"rendered":"https:\/\/mussicom.com\/stf-condena-empresario-a-14-anos-por-doacao-de-r-500-associada-ao-8-1\/"},"modified":"2026-04-05T17:32:17","modified_gmt":"2026-04-05T20:32:17","slug":"stf-condena-empresario-a-14-anos-por-doacao-de-r-500-associada-ao-8-1","status":"publish","type":"post","link":"https:\/\/mussicom.com\/noticias\/stf-condena-empresario-a-14-anos-por-doacao-de-r-500-associada-ao-8-1\/","title":{"rendered":"STF condena empres\u00e1rio a 14 anos por doa\u00e7\u00e3o de R$ 500 associada ao 8\/1"},"content":{"rendered":"<p> <br \/>\n<\/p>\n<div id=\"tp-post-content\">\n<p class=\"postParagraph_post-paragraph__juWZN postParagraph_post-paragraph-innerHtml__Q5vwc\">A Primeira Turma do Supremo Tribunal Federal (STF) condenou, por unanimidade, um empres\u00e1rio catarinense a 14 anos de pris\u00e3o por doar R$ 500 para o pagamento de um \u00f4nibus fretado que levou 41 pessoas de Blumenau (SC) para Bras\u00edlia para os atos de 8 de janeiro de 2023.<\/p>\n<p class=\"postParagraph_post-paragraph__juWZN postParagraph_post-paragraph-innerHtml__Q5vwc\">Ele foi condenado pelos crimes de aboli\u00e7\u00e3o violenta do Estado Democr\u00e1tico de Direito, golpe de Estado, dano qualificado, deteriora\u00e7\u00e3o do patrim\u00f4nio tombado e associa\u00e7\u00e3o criminosa. A defesa argumentou que a den\u00fancia se apoiou unicamente em um comprovante de Pix.<\/p>\n<p class=\"postParagraph_post-paragraph__juWZN postParagraph_post-paragraph-innerHtml__Q5vwc\">Os advogados sustentaram que n\u00e3o havia prova de que o valor se destinava ao financiamento do \u00f4nibus ou que o r\u00e9u tivesse ci\u00eancia de qualquer finalidade il\u00edcita, destacando que a \u00fanica testemunha apenas presumiu a destina\u00e7\u00e3o do valor pago.<\/p>\n<div class=\"postViewMore_post-view-more-container___5wai\" data-mrf-recirculation=\"Post - Veja tamb\u00e9m\">\n<p class=\"gp-styles-module-size-small-afeYRa gp-styles-module-font-family2-afeYRa gp-styles-module-color-secondary-afeYRa gp-styles-module-weight-bold-afeYRa\">VEJA TAMB\u00c9M:<\/p>\n<ul class=\"postViewMore_post-view-more-list__CU_CE\">\n<li class=\"postViewMore_post-view-more-item__2MzRb\"><span class=\"postViewMore_post-view-more-link-icon___stPC\"><svg xmlns=\"http:\/\/www.w3.org\/2000\/svg\" width=\"16\" height=\"16\" viewbox=\"0 0 16 16\"><rect width=\"16\" height=\"16\" fill=\"none\"\/><g transform=\"translate(3 3)\"><path d=\"M22.5,15l3.4,3.4-3.4,3.4\" transform=\"translate(-15.896 -11.793)\" fill=\"none\" stroke=\"#717171\" stroke-linecap=\"round\" stroke-width=\"1.4\"\/><path d=\"M6,6v4.2a2.452,2.452,0,0,0,2.5,2.4H16\" transform=\"translate(-6 -6)\" fill=\"none\" stroke=\"#717171\" stroke-linecap=\"round\" stroke-width=\"1.4\"\/><\/g><\/svg><\/span><span class=\"postViewMore_post-view-more-link-text__hO_kM\">PMDF pede orienta\u00e7\u00e3o a Alexandre de Moraes sobre expuls\u00e3o de coron\u00e9is condenados pelo 8\/1<\/span><\/li>\n<\/ul>\n<\/div>\n<p class=\"postParagraph_post-paragraph__juWZN postParagraph_post-paragraph-innerHtml__Q5vwc\">A decis\u00e3o, publicada em 2 de mar\u00e7o, seguiu o voto do relator, ministro Alexandre de Moraes. A defesa protocolou embargos de declara\u00e7\u00e3o para questionar a senten\u00e7a. O julgamento estava previsto para o \u00faltimo dia 20, mas o recurso foi retirado da pauta.<\/p>\n<p class=\"postParagraph_post-paragraph__juWZN postParagraph_post-paragraph-innerHtml__Q5vwc\">Al\u00e9m dele, outros dois empres\u00e1rios, tamb\u00e9m catarinenses, foram condenados na mesma a\u00e7\u00e3o penal. Segundo a den\u00fancia apresentada pela Procuradoria-Geral da Rep\u00fablica (PGR), um deles transferiu R$ 1 mil e o outro, considerado a &#8220;figura de lideran\u00e7a&#8221;, doou R$ 10 mil.<\/p>\n<p class=\"postParagraph_post-paragraph__juWZN postParagraph_post-paragraph-innerHtml__Q5vwc\">Os tr\u00eas foram apontados como &#8220;financiadores&#8221; e &#8220;incitadores&#8221; dos atos.   Segundo o ac\u00f3rd\u00e3o do julgamento, os empres\u00e1rios &#8220;foram apontados na den\u00fancia como financiadores dos atos antidemocr\u00e1ticos ocorridos em 8 de janeiro de 2023, especificamente no tocante ao custeio do transporte de manifestantes que se deslocaram de Santa Catarina a Bras\u00edlia\/DF&#8221;.<\/p>\n<p class=\"postParagraph_post-paragraph__juWZN postParagraph_post-paragraph-innerHtml__Q5vwc\">Em seu voto, Moraes destacou que a Constitui\u00e7\u00e3o Federal n\u00e3o permite a propaga\u00e7\u00e3o de ideias contr\u00e1rias \u00e0 ordem constitucional, tampouco manifesta\u00e7\u00f5es que visem \u00e0 ruptura do Estado de Direito.<\/p>\n<p class=\"postParagraph_post-paragraph__juWZN postParagraph_post-paragraph-innerHtml__Q5vwc\">O ministro classificou os epis\u00f3dios como &#8220;crimes multitudin\u00e1rios&#8221;, nos quais todos os participantes contribuem para o resultado final da a\u00e7\u00e3o coletiva, sendo desnecess\u00e1ria a identifica\u00e7\u00e3o individual de cada ato de vandalismo para a condena\u00e7\u00e3o dos organizadores e financiadores.<\/p>\n<p class=\"postParagraph_post-paragraph__juWZN postParagraph_post-paragraph-innerHtml__Q5vwc\">A defesa dos r\u00e9us alegou fragilidade probat\u00f3ria e aus\u00eancia de dolo, sustentando que as transfer\u00eancias financeiras seriam apenas para manifesta\u00e7\u00f5es pac\u00edficas, teses que foram integralmente rejeitadas pelo colegiado.<\/p>\n<p class=\"postParagraph_post-paragraph__juWZN postParagraph_post-paragraph-innerHtml__Q5vwc\">Al\u00e9m da pena de pris\u00e3o, os tr\u00eas dever\u00e3o pagar 100 dias-multa, sendo cada dia-multa no valor de um ter\u00e7o do sal\u00e1rio m\u00ednimo. A Primeira Turma determinou ainda que os condenados paguem, de forma solid\u00e1ria, o valor de R$ 30 milh\u00f5es em danos morais coletivos.<\/p>\n<\/div>\n<p><br \/>\n<br \/>Fonte: <a href=\"https:\/\/www.gazetadopovo.com.br\/republica\/primeira-turma-do-stf-condena-empresario-a-14-anos-de-prisao-por-doacao-de-r-500-associada-ao-8-1\/\">Revista Oeste<\/a><\/p>\n","protected":false},"excerpt":{"rendered":"<p>A Primeira Turma do Supremo Tribunal Federal (STF) condenou, por unanimidade, um empres\u00e1rio catarinense a 14 anos de pris\u00e3o por doar R$ 500 para o pagamento de um \u00f4nibus fretado que levou 41 pessoas de Blumenau (SC) para Bras\u00edlia para os atos de 8 de janeiro de 2023. Ele foi condenado pelos crimes de aboli\u00e7\u00e3o [&hellip;]<\/p>\n","protected":false},"author":5,"featured_media":71313,"comment_status":"open","ping_status":"open","sticky":false,"template":"","format":"standard","meta":{"_seopress_robots_primary_cat":"","_seopress_titles_title":"","_seopress_titles_desc":"","_seopress_robots_index":"","footnotes":""},"categories":[1],"tags":[],"class_list":["post-71312","post","type-post","status-publish","format-standard","has-post-thumbnail","hentry","category-ultimas-noticias"],"_links":{"self":[{"href":"https:\/\/mussicom.com\/noticias\/wp-json\/wp\/v2\/posts\/71312","targetHints":{"allow":["GET"]}}],"collection":[{"href":"https:\/\/mussicom.com\/noticias\/wp-json\/wp\/v2\/posts"}],"about":[{"href":"https:\/\/mussicom.com\/noticias\/wp-json\/wp\/v2\/types\/post"}],"author":[{"embeddable":true,"href":"https:\/\/mussicom.com\/noticias\/wp-json\/wp\/v2\/users\/5"}],"replies":[{"embeddable":true,"href":"https:\/\/mussicom.com\/noticias\/wp-json\/wp\/v2\/comments?post=71312"}],"version-history":[{"count":0,"href":"https:\/\/mussicom.com\/noticias\/wp-json\/wp\/v2\/posts\/71312\/revisions"}],"wp:featuredmedia":[{"embeddable":true,"href":"https:\/\/mussicom.com\/noticias\/wp-json\/wp\/v2\/media\/71313"}],"wp:attachment":[{"href":"https:\/\/mussicom.com\/noticias\/wp-json\/wp\/v2\/media?parent=71312"}],"wp:term":[{"taxonomy":"category","embeddable":true,"href":"https:\/\/mussicom.com\/noticias\/wp-json\/wp\/v2\/categories?post=71312"},{"taxonomy":"post_tag","embeddable":true,"href":"https:\/\/mussicom.com\/noticias\/wp-json\/wp\/v2\/tags?post=71312"}],"curies":[{"name":"wp","href":"https:\/\/api.w.org\/{rel}","templated":true}]}}