{"id":7128,"date":"2025-03-22T00:27:54","date_gmt":"2025-03-22T03:27:54","guid":{"rendered":"https:\/\/www.mussicom.com\/funcionaria-da-petrobras-critica-retorno-ao-trabalho-presencial\/"},"modified":"2025-03-22T00:27:54","modified_gmt":"2025-03-22T03:27:54","slug":"funcionaria-da-petrobras-critica-retorno-ao-trabalho-presencial","status":"publish","type":"post","link":"https:\/\/mussicom.com\/noticias\/funcionaria-da-petrobras-critica-retorno-ao-trabalho-presencial\/","title":{"rendered":"Funcion\u00e1ria da Petrobras critica retorno ao trabalho presencial"},"content":{"rendered":"<p> <br \/>\n<\/p>\n<div id=\"hd80s9wa1h892edh8192\">\n<p>O <strong>Sindicato dos Petroleiros do Rio de Janeiro (Sindipetro-RJ)<\/strong> divulgou um v\u00eddeo, nesta quarta-feira, 20, que mostra quando uma funcion\u00e1ria da Petrobras critica o <strong>retorno ao trabalho presencial<\/strong>. A t\u00e9cnica de seguran\u00e7a Luciana Frontin l\u00ea uma carta, direcionada \u00e0 <strong>diretoria-executiva<\/strong> da estatal, e afirma que a exig\u00eancia est\u00e1 causando \u201cestresse\u201d e \u201cansiedade\u201d.<\/p>\n<p>\u201cS\u00f3 a ideia do impacto de voltar aos tr\u00eas dias de presencial j\u00e1 est\u00e1 me deixando preocupada, elevando meu n\u00edvel de estresse, afetando minha sa\u00fade e minha produtividade\u201d, disse a funcion\u00e1ria. \u201cA antecipa\u00e7\u00e3o dos cinco dias j\u00e1 est\u00e1 gerando ansiedade ao ponto de causar sintomas f\u00edsicos, o que eu nunca senti em 17 anos de empresa.\u201d<\/p>\n<p>Assista ao v\u00eddeo:<\/p>\n<p><center><\/p>\n<blockquote class=\"instagram-media\" data-instgrm-captioned=\"\" data-instgrm-permalink=\"https:\/\/www.instagram.com\/reel\/DHWuqZHhbjD\/?utm_source=ig_embed&amp;utm_campaign=loading\" data-instgrm-version=\"14\" style=\" background:#FFF; border:0; border-radius:3px; box-shadow:0 0 1px 0 rgba(0,0,0,0.5),0 1px 10px 0 rgba(0,0,0,0.15); margin: 1px; max-width:540px; min-width:326px; padding:0; width:99.375%; width:-webkit-calc(100% - 2px); width:calc(100% - 2px);\"\/><p>\n<\/center><\/p>\n<p>Frontin critica a amplia\u00e7\u00e3o da jornada presencial de dois para tr\u00eas dias por semana e diz que a medida afeta sua sa\u00fade e produtividade. Ela defende a manuten\u00e7\u00e3o do modelo h\u00edbrido, com mais dias de trabalho em casa, e pede que qualquer mudan\u00e7a seja negociada com os trabalhadores.<\/p>\n<p><strong>Leia mais: \u201cPetrobras registra queda de 70,6% no lucro em 2024\u201d<\/strong><\/p>\n<p>\u201cPreciso de um ambiente de trabalho que seja compat\u00edvel com as minhas necessidades para continuar produzindo de maneira saud\u00e1vel\u201d, continuou a funcion\u00e1ria da Petrobras, conforme a Sindipetro-RJ. \u201cPara isso, preciso manter um pouco de autonomia para gerenciar meu tempo e conseguir priorizar os cuidados com minha sa\u00fade e minha fam\u00edlia.\u201d<\/p>\n<p>A funcion\u00e1ria tamb\u00e9m menciona valores institucionais da Petrobras, que, segundo ela, incluem a preocupa\u00e7\u00e3o com o bem-estar dos empregados.<\/p>\n<h2 class=\"wp-block-heading\"><strong>Petrobras anunciou mudan\u00e7a em janeiro<\/strong><\/h2>\n<p>A Petrobras anunciou em 9 de janeiro de 2025 que aumentaria a exig\u00eancia de trabalho presencial de dois para tr\u00eas dias por semana, com exce\u00e7\u00e3o de pessoas com defici\u00eancia (PCDs) e pais de PCDs. Na semana seguinte ao an\u00fancio, a Federa\u00e7\u00e3o \u00danica dos Petroleiros (FUP) fez um protesto contra a mudan\u00e7a.<\/p>\n<p><strong>+ Leia mais not\u00edcias de Economia em Oeste<\/strong><\/p>\n<p>A federa\u00e7\u00e3o alega que a decis\u00e3o ocorreu sem negocia\u00e7\u00e3o com entidades sindicais nem consulta \u00e0 categoria. J\u00e1 o departamento de recursos humanos da Petrobras diz que convocou a FUP para uma reuni\u00e3o sobre as mudan\u00e7as, mas a entidade recusou.<\/p>\n<\/p><\/div>\n<p><script async src=\"\/\/www.instagram.com\/embed.js\"><\/script><br \/>\n<br \/><br \/>\n<br \/>Fonte: <a href=\"https:\/\/revistaoeste.com\/economia\/funcionaria-da-petrobras-critica-retorno-ao-trabalho-presencial-assista-ao-video\/\">Revista oeste<\/a><\/p>\n","protected":false},"excerpt":{"rendered":"<p>O Sindicato dos Petroleiros do Rio de Janeiro (Sindipetro-RJ) divulgou um v\u00eddeo, nesta quarta-feira, 20, que mostra quando uma funcion\u00e1ria da Petrobras critica o retorno ao trabalho presencial. A t\u00e9cnica de seguran\u00e7a Luciana Frontin l\u00ea uma carta, direcionada \u00e0 diretoria-executiva da estatal, e afirma que a exig\u00eancia est\u00e1 causando \u201cestresse\u201d e \u201cansiedade\u201d. \u201cS\u00f3 a ideia [&hellip;]<\/p>\n","protected":false},"author":5,"featured_media":7129,"comment_status":"open","ping_status":"open","sticky":false,"template":"","format":"standard","meta":{"_seopress_robots_primary_cat":"","_seopress_titles_title":"","_seopress_titles_desc":"","_seopress_robots_index":"","footnotes":""},"categories":[45],"tags":[],"class_list":["post-7128","post","type-post","status-publish","format-standard","has-post-thumbnail","hentry","category-economia"],"_links":{"self":[{"href":"https:\/\/mussicom.com\/noticias\/wp-json\/wp\/v2\/posts\/7128","targetHints":{"allow":["GET"]}}],"collection":[{"href":"https:\/\/mussicom.com\/noticias\/wp-json\/wp\/v2\/posts"}],"about":[{"href":"https:\/\/mussicom.com\/noticias\/wp-json\/wp\/v2\/types\/post"}],"author":[{"embeddable":true,"href":"https:\/\/mussicom.com\/noticias\/wp-json\/wp\/v2\/users\/5"}],"replies":[{"embeddable":true,"href":"https:\/\/mussicom.com\/noticias\/wp-json\/wp\/v2\/comments?post=7128"}],"version-history":[{"count":0,"href":"https:\/\/mussicom.com\/noticias\/wp-json\/wp\/v2\/posts\/7128\/revisions"}],"wp:featuredmedia":[{"embeddable":true,"href":"https:\/\/mussicom.com\/noticias\/wp-json\/wp\/v2\/media\/7129"}],"wp:attachment":[{"href":"https:\/\/mussicom.com\/noticias\/wp-json\/wp\/v2\/media?parent=7128"}],"wp:term":[{"taxonomy":"category","embeddable":true,"href":"https:\/\/mussicom.com\/noticias\/wp-json\/wp\/v2\/categories?post=7128"},{"taxonomy":"post_tag","embeddable":true,"href":"https:\/\/mussicom.com\/noticias\/wp-json\/wp\/v2\/tags?post=7128"}],"curies":[{"name":"wp","href":"https:\/\/api.w.org\/{rel}","templated":true}]}}