{"id":71279,"date":"2026-04-05T08:12:25","date_gmt":"2026-04-05T11:12:25","guid":{"rendered":"https:\/\/mussicom.com\/guaruja-abre-126-vagas-para-cursos-de-ingles-e-profissionalizantes\/"},"modified":"2026-04-05T08:12:25","modified_gmt":"2026-04-05T11:12:25","slug":"guaruja-abre-126-vagas-para-cursos-de-ingles-e-profissionalizantes","status":"publish","type":"post","link":"https:\/\/mussicom.com\/noticias\/guaruja-abre-126-vagas-para-cursos-de-ingles-e-profissionalizantes\/","title":{"rendered":"Guaruj\u00e1 abre 126 vagas para cursos de ingl\u00eas e profissionalizantes"},"content":{"rendered":"<p> <br \/>\n<\/p>\n<div>\n<p data-start=\"283\" data-end=\"546\">O programa <span class=\"hover:entity-accent entity-underline inline cursor-pointer align-baseline\"><span class=\"whitespace-normal\">Qualifica SP<\/span><\/span> est\u00e1 com 126 vagas abertas para cursos profissionalizantes gratuitos em <span class=\"hover:entity-accent entity-underline inline cursor-pointer align-baseline\"><span class=\"whitespace-normal\">Guaruj\u00e1<\/span><\/span>. As inscri\u00e7\u00f5es podem ser feitas at\u00e9 o dia 10 de abril e s\u00e3o voltadas a jovens e adultos de 16 a 59 anos.<\/p>\n<p data-start=\"752\" data-end=\"1104\">As aulas ser\u00e3o presenciais, com turmas nos per\u00edodos da manh\u00e3, tarde e noite, nas depend\u00eancias do Sest Senat. Ao todo, s\u00e3o tr\u00eas turmas com 30 alunos e duas com 18 vagas, distribu\u00eddas entre os cursos de ingl\u00eas (110 horas, noturno), almoxarife (86 horas, vespertino), auxiliar administrativo (78 horas, vespertino) e inform\u00e1tica (84 horas, tarde e noite).<\/p>\n<p data-start=\"1106\" data-end=\"1302\">As inscri\u00e7\u00f5es devem ser realizadas pelo site oficial do programa. A convoca\u00e7\u00e3o dos selecionados ser\u00e1 feita por e-mail, por volta do dia 14 de abril, com in\u00edcio das aulas previsto para 27 de abril.<\/p>\n<p data-start=\"1304\" data-end=\"1436\" data-is-last-node=\"\" data-is-only-node=\"\">Mais informa\u00e7\u00f5es podem ser obtidas no Sest Senat de Guaruj\u00e1 pelos telefones (13) 3308-3250 e WhatsApp (61) 2017-0073.<\/p>\n<\/div>\n<p><br \/>\n<br \/>Fonte: <a href=\"https:\/\/jornaldaorla.com.br\/noticias\/guaruja-abre-126-vagas-para-cursos-de-ingles-e-profissionalizantes\/\">Jornal Da Orla<\/a><\/p>\n","protected":false},"excerpt":{"rendered":"<p>O programa Qualifica SP est\u00e1 com 126 vagas abertas para cursos profissionalizantes gratuitos em Guaruj\u00e1. As inscri\u00e7\u00f5es podem ser feitas at\u00e9 o dia 10 de abril e s\u00e3o voltadas a jovens e adultos de 16 a 59 anos. As aulas ser\u00e3o presenciais, com turmas nos per\u00edodos da manh\u00e3, tarde e noite, nas depend\u00eancias do Sest [&hellip;]<\/p>\n","protected":false},"author":5,"featured_media":71280,"comment_status":"open","ping_status":"open","sticky":false,"template":"","format":"standard","meta":{"_seopress_robots_primary_cat":"","_seopress_titles_title":"","_seopress_titles_desc":"","_seopress_robots_index":"","footnotes":""},"categories":[52],"tags":[],"class_list":["post-71279","post","type-post","status-publish","format-standard","has-post-thumbnail","hentry","category-santoseregiao"],"_links":{"self":[{"href":"https:\/\/mussicom.com\/noticias\/wp-json\/wp\/v2\/posts\/71279","targetHints":{"allow":["GET"]}}],"collection":[{"href":"https:\/\/mussicom.com\/noticias\/wp-json\/wp\/v2\/posts"}],"about":[{"href":"https:\/\/mussicom.com\/noticias\/wp-json\/wp\/v2\/types\/post"}],"author":[{"embeddable":true,"href":"https:\/\/mussicom.com\/noticias\/wp-json\/wp\/v2\/users\/5"}],"replies":[{"embeddable":true,"href":"https:\/\/mussicom.com\/noticias\/wp-json\/wp\/v2\/comments?post=71279"}],"version-history":[{"count":0,"href":"https:\/\/mussicom.com\/noticias\/wp-json\/wp\/v2\/posts\/71279\/revisions"}],"wp:featuredmedia":[{"embeddable":true,"href":"https:\/\/mussicom.com\/noticias\/wp-json\/wp\/v2\/media\/71280"}],"wp:attachment":[{"href":"https:\/\/mussicom.com\/noticias\/wp-json\/wp\/v2\/media?parent=71279"}],"wp:term":[{"taxonomy":"category","embeddable":true,"href":"https:\/\/mussicom.com\/noticias\/wp-json\/wp\/v2\/categories?post=71279"},{"taxonomy":"post_tag","embeddable":true,"href":"https:\/\/mussicom.com\/noticias\/wp-json\/wp\/v2\/tags?post=71279"}],"curies":[{"name":"wp","href":"https:\/\/api.w.org\/{rel}","templated":true}]}}