{"id":71255,"date":"2026-04-04T21:05:14","date_gmt":"2026-04-05T00:05:14","guid":{"rendered":"https:\/\/mussicom.com\/regiao-da-baixada-santista-recebe-circuito-sesc-de-artes-2026\/"},"modified":"2026-04-04T21:05:14","modified_gmt":"2026-04-05T00:05:14","slug":"regiao-da-baixada-santista-recebe-circuito-sesc-de-artes-2026","status":"publish","type":"post","link":"https:\/\/mussicom.com\/noticias\/regiao-da-baixada-santista-recebe-circuito-sesc-de-artes-2026\/","title":{"rendered":"Regi\u00e3o da Baixada Santista recebe Circuito Sesc de Artes 2026"},"content":{"rendered":"<p> <br \/>\n<\/p>\n<div id=\"texto\">\n<p>At\u00e9 26 de abril, o\u00a0<strong><em>Circuito Sesc de Artes<\/em><\/strong>\u00a0chega \u00e0 sua 18\u00aa edi\u00e7\u00e3o e integra as comemora\u00e7\u00f5es dos 80 anos do Sesc S\u00e3o Paulo, consolidando-se como a maior edi\u00e7\u00e3o realizada. Ao longo de seis semanas, 133 munic\u00edpios da Grande S\u00e3o Paulo, do interior e do litoral receber\u00e3o 123 atividades art\u00edsticas gratuitas divididas em 12 roteiros diferentes, que somam mais de mil sess\u00f5es em pra\u00e7as e espa\u00e7os p\u00fablicos.\u00a0<\/p>\n<p>\u00a0<\/p>\n<p>Realizado pelo Sesc S\u00e3o Paulo em parceria com Prefeituras Municipais e Sindicatos do Com\u00e9rcio de Bens, Servi\u00e7os e Turismo, o Circuito reafirma seu papel de articular territ\u00f3rios, democratizar o acesso \u00e0 cultura e promover encontros entre diferentes linguagens e gera\u00e7\u00f5es art\u00edsticas. Teatro, m\u00fasica, dan\u00e7a, circo, cinema, literatura, artes visuais e tecnologias comp\u00f5em uma programa\u00e7\u00e3o diversa que ocupa o espa\u00e7o p\u00fablico como lugar de conviv\u00eancia e experi\u00eancia cultural.<\/p>\n<p>\u00a0<\/p>\n<p>Ao todo, 23 unidades est\u00e3o envolvidas na realiza\u00e7\u00e3o do projeto. A programa\u00e7\u00e3o na regi\u00e3o da Baixada Santista atendida pelo\u00a0<strong>Sesc Santos\u00a0<\/strong>passa por\u00a0<strong>Guaruj\u00e1<\/strong>\u00a0(28 de mar\u00e7o),\u00a0<strong>Praia Grande<\/strong>\u00a0(29 de mar\u00e7o),\u00a0<strong>S\u00e3o Vicente<\/strong>\u00a0(11 de abril),\u00a0<strong>Cubat\u00e3o<\/strong>\u00a0(12 de abril),\u00a0<strong>Mongagu\u00e1<\/strong>\u00a0(19 de abril),\u00a0<strong>Itanha\u00e9m<\/strong>\u00a0(25 de abril) e\u00a0<strong>Peru\u00edbe<\/strong>\u00a0(26 de abril).<\/p>\n<p>\u00a0<\/p>\n<p><strong>Roteiro 11<\/strong><\/p>\n<p><strong>S\u00e3o Vicente<\/strong>\u00a0(11 de abril),\u00a0<strong>Cubat\u00e3o<\/strong>\u00a0(12 de abril) e\u00a0<strong>Mongagu\u00e1<\/strong>\u00a0(19 de abril).<\/p>\n<p>\u00a0<\/p>\n<p>No\u00a0<strong>circo<\/strong>, a companhia\u00a0<strong>LaM\u00ednima<\/strong>\u00a0apresenta\u00a0<em>Cabar\u00e9 LaM\u00ednima ao M\u00e1ximo<\/em>, espet\u00e1culo que celebra os 27 anos de trajet\u00f3ria do grupo revisitando alguns dos n\u00fameros mais marcantes de seu repert\u00f3rio. A montagem re\u00fane diferentes vertentes da palha\u00e7aria, com esquetes de dupla e trio, acrobacia c\u00f4mica, m\u00fasica exc\u00eantrica, malabarismo e elementos do circo-teatro, em uma apresenta\u00e7\u00e3o marcada pelo humor e pela intera\u00e7\u00e3o com a plateia.<\/p>\n<p>\u00a0<\/p>\n<p>Na\u00a0<strong>literatura<\/strong>, a\u00a0<strong>Cia Laranja Lima<\/strong>\u00a0conduz\u00a0<em>AcampaLendo \u2013 Media\u00e7\u00e3o de Leitura<\/em>, atividade que transforma o espa\u00e7o em um acampamento l\u00fadico, com barraca, fogueira simb\u00f3lica e muitas hist\u00f3rias. Voltada a crian\u00e7as e familiares, a proposta utiliza a leitura como ponto de encontro para estimular imagina\u00e7\u00e3o, criatividade e v\u00ednculos afetivos, abordando temas importantes para o desenvolvimento infantil, como empatia e autoconhecimento.<\/p>\n<p>\u00a0<\/p>\n<p>A\u00a0<strong>dan\u00e7a\u00a0<\/strong>aparece com\u00a0<em>Man\u00e9 Boneco<\/em>, do grupo\u00a0<strong>Zumb.boys<\/strong>, espet\u00e1culo inspirado no tradicional brinquedo popular Man\u00e9 Gostoso. A partir dessa refer\u00eancia, os artistas constroem uma coreografia que dialoga com as brincadeiras de inf\u00e2ncia e a cultura popular, recriando os movimentos do boneco por meio do breaking, estilo de dan\u00e7a marcado por acrobacias e giros que d\u00e3o \u00e0 cena um car\u00e1ter l\u00fadico e din\u00e2mico.<\/p>\n<p>\u00a0<\/p>\n<p>Na\u00a0<strong>m\u00fasica<\/strong>, a acordeonista, cantora e compositora\u00a0<strong>L\u00edvia Mattos<\/strong>\u00a0apresenta o show\u00a0<em>Arrai\u00e1 da Sanfoneira<\/em>, que celebra o universo das festas populares nordestinas. No repert\u00f3rio, xotes, xaxados, bai\u00f5es e arrasta-p\u00e9s que marcaram o cancioneiro brasileiro, com refer\u00eancias a mestres e mestras como Marin\u00eas, Luiz Gonzaga, Elba Ramalho e Jackson do Pandeiro.<\/p>\n<p>\u00a0<\/p>\n<p>Encerrando a programa\u00e7\u00e3o,\u00a0<em>Nos Tempos da Soweto<\/em>\u00a0revisita o clima dos tradicionais bailes black que marcaram a cena paulistana nos anos 1990. Conduzido pelos DJs\u00a0<strong>Vivian Marques, Vitonez e Tio Fresh<\/strong>, o set re\u00fane cl\u00e1ssicos do rap, R&amp;B, soul funk, melodia e samba rock, recriando na pra\u00e7a a atmosfera vibrante dessas noites dedicadas \u00e0 m\u00fasica negra.<\/p>\n<p>\u00a0<\/p>\n<p>Em S\u00e3o Vicente, tamb\u00e9m acontece uma atividade de\u00a0<strong>Turismo Social:<\/strong>\u00a0<em>Caminhada Hist\u00f3rico-Cultural Afrocentrada\u00a0<\/em>no s\u00e1bado, dia 11 de abril, \u00e0s 14h30. No passeio, que prop\u00f5e um mergulho na hist\u00f3ria sob a\u00a0\u00f3tica\u00a0da presen\u00e7a negra, o p\u00fablico vai\u00a0percorrer\u00a0marcos e espa\u00e7os\u00a0datados\u00a0dos primeiros anos da presen\u00e7a portuguesa, e\u00a0apreciar o\u00a0quanto \u00e0 participa\u00e7\u00e3o negra foi decisiva para o desenvolvimento da cidade.<\/p>\n<p>\u00a0<\/p>\n<p><strong>Roteiro 12<\/strong><\/p>\n<p><strong>Guaruj\u00e1<\/strong>\u00a0(28 de mar\u00e7o),\u00a0<strong>Praia Grande<\/strong>\u00a0(29 de mar\u00e7o),\u00a0<strong>Itanha\u00e9m<\/strong>\u00a0(25 de abril) e\u00a0<strong>Peru\u00edbe<\/strong>\u00a0(26 de abril).<\/p>\n<p>\u00a0<\/p>\n<p>Na\u00a0<strong>m\u00fasica<\/strong>, o pesquisador e discotec\u00e1rio\u00a0<strong>Sonido Yaguaro<\/strong>\u00a0conduz a\u00a0<em>Discotecagem em Vinil<\/em>, performance constru\u00edda a partir de sua extensa cole\u00e7\u00e3o de discos. Fruto de pesquisas e viagens por pa\u00edses da Am\u00e9rica Latina, do Caribe e da \u00c1frica, o set re\u00fane sonoridades latinas, caribenhas e africanas, criando uma jornada musical marcada por ritmos diversos e pela valoriza\u00e7\u00e3o da cultura do vinil.<\/p>\n<p>\u00a0<\/p>\n<p>No\u00a0<strong>circo<\/strong>, o\u00a0<strong>Coletivo Catappum<\/strong>\u00a0apresenta\u00a0<em>Cabar\u00e9 Catappum<\/em>, espet\u00e1culo que celebra a tradi\u00e7\u00e3o circense a partir de uma perspectiva ligada \u00e0 ancestralidade e ao estudo da palha\u00e7aria negra. A montagem re\u00fane solos e n\u00fameros coletivos de acrobacia, musicalidade, esquetes de palha\u00e7os e improvisos, em uma apresenta\u00e7\u00e3o que combina humor, poesia c\u00f4mica e participa\u00e7\u00e3o direta da plateia.<\/p>\n<p>\u00a0<\/p>\n<p>A\u00a0<strong>dan\u00e7a<\/strong>\u00a0aparece com\u00a0<em>P\u00e9 Grande<\/em>, cria\u00e7\u00e3o da\u00a0<strong>FUTURA | Clarice Lima<\/strong>, espet\u00e1culo que parte da figura lend\u00e1ria do P\u00e9 Grande para propor uma experi\u00eancia que mistura dan\u00e7a, performance e artes visuais. Na cena, uma fam\u00edlia de criaturas peludas percorre o espa\u00e7o p\u00fablico transformando o imagin\u00e1rio do medo em momentos de humor, delicadeza e intera\u00e7\u00e3o com o p\u00fablico.<\/p>\n<p>\u00a0<\/p>\n<p>A\u00a0<strong>literatura<\/strong>\u00a0entra em cena com\u00a0<em>Hist\u00f3rias Escolhidas!<\/em>, da\u00a0<strong>Cia Terezinha de Conta\u00e7\u00e3o de Hist\u00f3rias<\/strong>, media\u00e7\u00e3o voltada a crian\u00e7as e familiares que re\u00fane narrativas de livros contempor\u00e2neos, m\u00fasicas e brincadeiras. Entre adivinhas, parlendas e trava-l\u00ednguas, a atividade prop\u00f5e uma experi\u00eancia l\u00fadica de escuta e participa\u00e7\u00e3o, incentivando o gosto pela leitura e o fortalecimento de v\u00ednculos afetivos.<\/p>\n<p>\u00a0<\/p>\n<p>Na\u00a0<strong>m\u00fasica<\/strong>, o grupo\u00a0<strong>Clube do Balan\u00e7o<\/strong>\u00a0celebra sua trajet\u00f3ria com o show\u00a0<em>25 Anos de Clube do Balan\u00e7o<\/em>. Reconhecida como uma das bandas respons\u00e1veis pelo resgate do samba-rock nos anos 1990, a forma\u00e7\u00e3o apresenta um repert\u00f3rio marcado por sucessos como\u00a0<em>Coqueiro Verde<\/em>,\u00a0<em>Paz e Arroz<\/em>,\u00a0<em>Sabad\u00e1<\/em>\u00a0e\u00a0<em>Na Galha do Cajueiro<\/em>, convidando o p\u00fablico a dan\u00e7ar ao som de sua sonoridade vibrante.<\/p>\n<p>\u00a0<\/p>\n<p>J\u00e1 o artista\u00a0<strong>Jeronimo Agurto<\/strong>\u00a0conduz a oficina de\u00a0<strong>artes visuais<\/strong>\u00a0<em>Aeroflexia: Avi\u00f5es de papel para todos<\/em>, atividade que convida participantes de todas as idades a construir avi\u00f5es de papel e outros origamis voadores sem o uso de cortes ou cola. Entre experimenta\u00e7\u00e3o, brincadeira e princ\u00edpios simples de aerodin\u00e2mica, a proposta estimula criatividade, curiosidade e o prazer de aprender fazendo.<\/p>\n<p>\u00a0<\/p>\n<p>Completando a programa\u00e7\u00e3o, o\u00a0<strong>cinema<\/strong>\u00a0marca presen\u00e7a com a interven\u00e7\u00e3o audiovisual\u00a0<em>80 Anos de Hist\u00f3ria: Um Sesc pra chamar de seu<\/em>. A experi\u00eancia imersiva convida o p\u00fablico a interagir com um curta de anima\u00e7\u00e3o que revisita a trajet\u00f3ria do Sesc S\u00e3o Paulo e destaca o papel da institui\u00e7\u00e3o como uma rede de cultura, educa\u00e7\u00e3o e conviv\u00eancia constru\u00edda coletivamente ao longo de oito d\u00e9cadas.<\/p>\n<p>\u00a0<\/p>\n<p><strong>Literatura, mem\u00f3ria e pertencimento<\/strong><\/p>\n<p>Em 2026, o Sesc S\u00e3o Paulo amplia sua atua\u00e7\u00e3o nos territ\u00f3rios com a cria\u00e7\u00e3o da Mala de Livros, iniciativa que fortalece o acesso \u00e0 leitura e prolonga a presen\u00e7a do Circuito nos munic\u00edpios participantes. Ao todo, 23 malas viajantes com cerca de 70 t\u00edtulos cada circular\u00e3o por cidades dos diferentes roteiros, permanecendo por aproximadamente tr\u00eas meses em empresas ou institui\u00e7\u00f5es parceiras, onde ficar\u00e3o dispon\u00edveis ao p\u00fablico atendido ou a funcion\u00e1rios. A proposta busca estimular encontros entre leitores e futuros leitores e formar uma rede de leitura que se expande pelos territ\u00f3rios. Ap\u00f3s a primeira etapa, entre junho e novembro, novas malas ser\u00e3o enviadas para ampliar o alcance da iniciativa.<\/p>\n<p>\u00a0<\/p>\n<p><strong>Central de Relacionamento e Loja Sesc nas pra\u00e7as<\/strong><\/p>\n<p>Durante o per\u00edodo do Circuito, trabalhadores e trabalhadoras do com\u00e9rcio de bens, servi\u00e7os e turismo poder\u00e3o emitir gratuitamente a Credencial Plena do Sesc S\u00e3o Paulo em um ponto f\u00edsico instalado na pr\u00f3pria pra\u00e7a onde acontecem as atividades. A a\u00e7\u00e3o facilita o acesso ao credenciamento e refor\u00e7a a import\u00e2ncia da presen\u00e7a do Sesc no territ\u00f3rio.<\/p>\n<p>\u00a0<\/p>\n<p>Podem se credenciar pessoas com v\u00ednculo empregat\u00edcio em empresas privadas do com\u00e9rcio de bens, servi\u00e7os e turismo, incluindo empregados com carteira assinada (em atividade ou licen\u00e7a), tempor\u00e1rios, jovens aprendizes, estagi\u00e1rios, aposentados e desempregados h\u00e1 at\u00e9 24 meses. A Credencial Plena garante acesso a uma ampla rede de benef\u00edcios nas unidades do Sesc, como valores diferenciados em cursos, espet\u00e1culos, atividades esportivas, turismo social e servi\u00e7os.\u00a0<\/p>\n<p>\u00a0<\/p>\n<p>Outra novidade desta edi\u00e7\u00e3o \u00e9 a presen\u00e7a, pela primeira vez, de lojas f\u00edsicas no Circuito. O p\u00fablico poder\u00e1 conhecer a Loja Sesc, j\u00e1 presente em 43 unidades do Sesc S\u00e3o Paulo, agora tamb\u00e9m integrada \u00e0 programa\u00e7\u00e3o do evento que leva um cat\u00e1logo que re\u00fane livros, CDs, DVDs e produtos exclusivos para o Circuito. O espa\u00e7o amplia a experi\u00eancia cultural e estimula a valoriza\u00e7\u00e3o da produ\u00e7\u00e3o art\u00edstica brasileira.<\/p>\n<p>\u00a0<\/p>\n<p><strong>Sobre o Sesc<\/strong>\u00a0<\/p>\n<p>O Servi\u00e7o Social do Com\u00e9rcio \u00e9 uma entidade privada com finalidade p\u00fablica, criada em 1946 por iniciativa do empresariado do setor de com\u00e9rcio de bens, servi\u00e7os e turismo, e que tem como miss\u00e3o contribuir para a qualidade de vida dos trabalhadores dessas categorias, seus dependentes e da sociedade em geral.\u00a0<\/p>\n<p>\u00a0<\/p>\n<p>No estado de S\u00e3o Paulo, o Sesc conta com uma rede de 44 unidades, incluindo centros culturais e esportivos, bem como unidades especializadas. Oferece programa\u00e7\u00f5es em diversas linguagens art\u00edsticas, atividades f\u00edsico-esportivas e de turismo social, programas de sa\u00fade, educa\u00e7\u00e3o para sustentabilidade, para a diversidade e para acessibilidade, alimenta\u00e7\u00e3o, programas especiais para crian\u00e7as, jovens e pessoas idosas, al\u00e9m do Sesc Mesa Brasil \u2013 programa institucional de combate \u00e0 fome e ao desperd\u00edcio de alimentos.\u00a0<\/p>\n<p>\u00a0<\/p>\n<p>O Sesc desenvolve, assim, uma a\u00e7\u00e3o de educa\u00e7\u00e3o n\u00e3o formal permanente com o intuito de valorizar as pessoas ao estimular a autonomia, a conviv\u00eancia e o contato com express\u00f5es e modos diversos de pensar, agir e sentir.\u00a0<\/p>\n<p>\u00a0<\/p>\n<p>\u00a0<\/p>\n<p><strong>Servi\u00e7o:<\/strong><\/p>\n<p><strong>Circuito Sesc de Artes 2025<\/strong><\/p>\n<p>De 21 de mar\u00e7o a 26 de abril, s\u00e1bados e domingos.<\/p>\n<p>Programa\u00e7\u00e3o completa no site\u00a0sescsp.org.br\/circuitosescdeartes.<\/p>\n<p>Em caso de chuva, verifique no site a altera\u00e7\u00e3o de local.<\/p>\n<p>\u00a0<\/p>\n<p><strong>Roteiro 11<\/strong><\/p>\n<p><strong>S\u00e3o Vicente<\/strong>\u00a0(11 de abril, s\u00e1bado, das 16h \u00e0s 20h)<\/p>\n<p>Pra\u00e7a 22 de Janeiro<\/p>\n<p>\u00a0<\/p>\n<p><strong>Cubat\u00e3o<\/strong>\u00a0(12 de abril, domingo, das 15h \u00e0s 19h)<\/p>\n<p>Parque Anilinas<\/p>\n<p>\u00a0<\/p>\n<p><strong>Mongagu\u00e1<\/strong>\u00a0(19 de abril, domingo, das 15h \u00e0s 19h)<\/p>\n<p>Pra\u00e7a Frederico Platzeck<\/p>\n<p>\u00a0<\/p>\n<p><strong>Roteiro 12<\/strong><\/p>\n<p><strong>Guaruj\u00e1<\/strong>\u00a0(28 de mar\u00e7o, s\u00e1bado, das 16h \u00e0s 20h)<\/p>\n<p>Pra\u00e7a Hor\u00e1cio Lafer \u2013 Praia da Enseada<\/p>\n<p>\u00a0<\/p>\n<p><strong>Praia Grande<\/strong>\u00a0(29 de mar\u00e7o, domingo, das 16h \u00e0s 20h)<\/p>\n<p>Pra\u00e7a Nossa Senhora de F\u00e1tima \u2013 Vila Cai\u00e7ara<\/p>\n<p>\u00a0<\/p>\n<p><strong>Itanha\u00e9m<\/strong>\u00a0(25 de abril, s\u00e1bado, das 16h \u00e0s 20h)<\/p>\n<p>Pra\u00e7a Narciso de Andrade \u2013 Pra\u00e7a da Igreja Matriz Santana<\/p>\n<p>\u00a0<\/p>\n<p><strong>Peru\u00edbe<\/strong>\u00a0(26 de abril, domingo, das 15h \u00e0s 19h)<\/p>\n<p>Parque Tur\u00edstico Peru\u00edbe<\/p>\n<p>\u00a0<\/p>\n<p>\u00a0<\/p>\n<\/p><\/div>\n<p><script async defer crossorigin=\"anonymous\" src=\"https:\/\/connect.facebook.net\/pt_BR\/sdk.js#xfbml=1&#038;version=v12.0&#038;appId=&#038;autoLogAppEvents=1\" nonce=\"ou0fI1lo\"><\/script><br \/>\n<br \/><br \/>\n<br \/>Fonte: <a href=\"https:\/\/www.bs9.com.br\/variedades\/regiao-da-baixada-santista-recebe-circuito-sesc-de-artes-2026\/38596\/\">BS9<\/a><\/p>\n","protected":false},"excerpt":{"rendered":"<p>At\u00e9 26 de abril, o\u00a0Circuito Sesc de Artes\u00a0chega \u00e0 sua 18\u00aa edi\u00e7\u00e3o e integra as comemora\u00e7\u00f5es dos 80 anos do Sesc S\u00e3o Paulo, consolidando-se como a maior edi\u00e7\u00e3o realizada. Ao longo de seis semanas, 133 munic\u00edpios da Grande S\u00e3o Paulo, do interior e do litoral receber\u00e3o 123 atividades art\u00edsticas gratuitas divididas em 12 roteiros diferentes, [&hellip;]<\/p>\n","protected":false},"author":5,"featured_media":71256,"comment_status":"open","ping_status":"open","sticky":false,"template":"","format":"standard","meta":{"_seopress_robots_primary_cat":"","_seopress_titles_title":"","_seopress_titles_desc":"","_seopress_robots_index":"","footnotes":""},"categories":[52],"tags":[],"class_list":["post-71255","post","type-post","status-publish","format-standard","has-post-thumbnail","hentry","category-santoseregiao"],"_links":{"self":[{"href":"https:\/\/mussicom.com\/noticias\/wp-json\/wp\/v2\/posts\/71255","targetHints":{"allow":["GET"]}}],"collection":[{"href":"https:\/\/mussicom.com\/noticias\/wp-json\/wp\/v2\/posts"}],"about":[{"href":"https:\/\/mussicom.com\/noticias\/wp-json\/wp\/v2\/types\/post"}],"author":[{"embeddable":true,"href":"https:\/\/mussicom.com\/noticias\/wp-json\/wp\/v2\/users\/5"}],"replies":[{"embeddable":true,"href":"https:\/\/mussicom.com\/noticias\/wp-json\/wp\/v2\/comments?post=71255"}],"version-history":[{"count":0,"href":"https:\/\/mussicom.com\/noticias\/wp-json\/wp\/v2\/posts\/71255\/revisions"}],"wp:featuredmedia":[{"embeddable":true,"href":"https:\/\/mussicom.com\/noticias\/wp-json\/wp\/v2\/media\/71256"}],"wp:attachment":[{"href":"https:\/\/mussicom.com\/noticias\/wp-json\/wp\/v2\/media?parent=71255"}],"wp:term":[{"taxonomy":"category","embeddable":true,"href":"https:\/\/mussicom.com\/noticias\/wp-json\/wp\/v2\/categories?post=71255"},{"taxonomy":"post_tag","embeddable":true,"href":"https:\/\/mussicom.com\/noticias\/wp-json\/wp\/v2\/tags?post=71255"}],"curies":[{"name":"wp","href":"https:\/\/api.w.org\/{rel}","templated":true}]}}