{"id":71219,"date":"2026-04-04T13:04:14","date_gmt":"2026-04-04T16:04:14","guid":{"rendered":"https:\/\/mussicom.com\/nunes-marques-e-esposa-viajaram-em-jato-ligado-ao-master\/"},"modified":"2026-04-04T13:04:14","modified_gmt":"2026-04-04T16:04:14","slug":"nunes-marques-e-esposa-viajaram-em-jato-ligado-ao-master","status":"publish","type":"post","link":"https:\/\/mussicom.com\/noticias\/nunes-marques-e-esposa-viajaram-em-jato-ligado-ao-master\/","title":{"rendered":"Nunes Marques e esposa viajaram em jato ligado ao Master"},"content":{"rendered":"<p> <br \/>\n<\/p>\n<div id=\"tp-post-content\">\n<p class=\"postParagraph_post-paragraph__juWZN postParagraph_post-paragraph-innerHtml__Q5vwc\">O ministro Kassio Nunes, do Supremo Tribunal Federal (STF), viajou com a esposa para Macei\u00f3, em novembro de 2025, em voo particular custeado por uma advogada que atua em processos do Banco Master.<\/p>\n<p class=\"postParagraph_post-paragraph__juWZN postParagraph_post-paragraph-innerHtml__Q5vwc\">Segundo reportagem do <em>Estad\u00e3o<\/em>, o deslocamento teve como destino uma festa de anivers\u00e1rio na capital alagoana e foi realizado em aeronave operada por uma empresa ligada ao empres\u00e1rio Daniel Vorcaro, controlador do banco.<\/p>\n<p class=\"postParagraph_post-paragraph__juWZN postParagraph_post-paragraph-innerHtml__Q5vwc\">Registros de acesso ao terminal executivo do Aeroporto de Bras\u00edlia indicam que o ministro e a sua esposa embarcaram na manh\u00e3 de 14 de novembro, pouco antes da decolagem do jato rumo a Macei\u00f3.<\/p>\n<p class=\"postParagraph_post-paragraph__juWZN postParagraph_post-paragraph-innerHtml__Q5vwc\">A aeronave, um Legacy 650 com capacidade para at\u00e9 17 passageiros, era operada por empresa vinculada \u00e0 Prime You, grupo que administrava bens de Vorcaro e manteve rela\u00e7\u00e3o societ\u00e1ria com ele at\u00e9 meses antes da viagem.<\/p>\n<p class=\"postParagraph_post-paragraph__juWZN postParagraph_post-paragraph-innerHtml__Q5vwc\">Em nota, Nunes Marques confirmou a viagem e afirmou que o convite partiu da advogada Camilla Ewerton Ramos, respons\u00e1vel por organizar e custear o voo. Ela \u00e9 casada com o desembargador Newton Ramos, ex-colega do ministro no Tribunal Regional Federal (TRF) da 1\u00aa Regi\u00e3o. A advogada tamb\u00e9m declarou que a contrata\u00e7\u00e3o da aeronave foi privada, para celebrar seu anivers\u00e1rio com amigos.<\/p>\n<p class=\"postParagraph_post-paragraph__juWZN postParagraph_post-paragraph-innerHtml__Q5vwc\">A apura\u00e7\u00e3o aponta que Camilla atua judicialmente para o Master em processos no Superior Tribunal de Justi\u00e7a (STJ).<\/p>\n<p class=\"postParagraph_post-paragraph__juWZN postParagraph_post-paragraph-innerHtml__Q5vwc\">Segundo reportagens, Nunes Marques Filho atuou como advogado em processos que envolvem empresas e pessoas do entorno do banco controlado por Vorcaro. A atua\u00e7\u00e3o, em si, n\u00e3o \u00e9 ilegal, mas ganhou relev\u00e2ncia por coincidir com a presen\u00e7a de temas relacionados ao banco em tribunais superiores, o que levantou questionamentos sobre poss\u00edvel conflito de interesses.<\/p>\n<p class=\"postParagraph_post-paragraph__juWZN postParagraph_post-paragraph-innerHtml__Q5vwc\">O epis\u00f3dio se soma a outros elementos j\u00e1 revelados pelas investiga\u00e7\u00f5es, que indicam rela\u00e7\u00f5es entre pessoas pr\u00f3ximas ao ministro e empresas vinculadas ao banco, ampliando suspeitas de poss\u00edveis v\u00ednculos entre integrantes do Judici\u00e1rio e o caso.<\/p>\n<p class=\"postParagraph_post-paragraph__juWZN postParagraph_post-paragraph-innerHtml__Q5vwc\">O Master \u00e9 alvo de apura\u00e7\u00f5es da Pol\u00edcia Federal (PF) por suspeitas de fraudes financeiras, gest\u00e3o irregular e lavagem de dinheiro, em um dos maiores esc\u00e2ndalos recentes do sistema banc\u00e1rio brasileiro.<\/p>\n<div class=\"postViewMore_post-view-more-container___5wai\" data-mrf-recirculation=\"Post - Veja tamb\u00e9m\">\n<p class=\"gp-styles-module-size-small-afeYRa gp-styles-module-font-family2-afeYRa gp-styles-module-color-secondary-afeYRa gp-styles-module-weight-bold-afeYRa\">VEJA TAMB\u00c9M:<\/p>\n<ul class=\"postViewMore_post-view-more-list__CU_CE\">\n<li class=\"postViewMore_post-view-more-item__2MzRb\"><span class=\"postViewMore_post-view-more-link-icon___stPC\"><svg xmlns=\"http:\/\/www.w3.org\/2000\/svg\" width=\"16\" height=\"16\" viewbox=\"0 0 16 16\"><rect width=\"16\" height=\"16\" fill=\"none\"\/><g transform=\"translate(3 3)\"><path d=\"M22.5,15l3.4,3.4-3.4,3.4\" transform=\"translate(-15.896 -11.793)\" fill=\"none\" stroke=\"#717171\" stroke-linecap=\"round\" stroke-width=\"1.4\"\/><path d=\"M6,6v4.2a2.452,2.452,0,0,0,2.5,2.4H16\" transform=\"translate(-6 -6)\" fill=\"none\" stroke=\"#717171\" stroke-linecap=\"round\" stroke-width=\"1.4\"\/><\/g><\/svg><\/span><span class=\"postViewMore_post-view-more-link-text__hO_kM\">Investiga\u00e7\u00e3o do Banco Master no Congresso agora depende de Nunes Marques<\/span><\/li>\n<\/ul>\n<\/div>\n<\/div>\n<p><br \/>\n<br \/>Fonte: <a href=\"https:\/\/www.gazetadopovo.com.br\/republica\/nunes-marques-e-esposa-viajaram-a-maceio-em-jato-de-empresa-ligada-a-vorcaro\/\">Revista Oeste<\/a><\/p>\n","protected":false},"excerpt":{"rendered":"<p>O ministro Kassio Nunes, do Supremo Tribunal Federal (STF), viajou com a esposa para Macei\u00f3, em novembro de 2025, em voo particular custeado por uma advogada que atua em processos do Banco Master. Segundo reportagem do Estad\u00e3o, o deslocamento teve como destino uma festa de anivers\u00e1rio na capital alagoana e foi realizado em aeronave operada [&hellip;]<\/p>\n","protected":false},"author":5,"featured_media":66759,"comment_status":"open","ping_status":"open","sticky":false,"template":"","format":"standard","meta":{"_seopress_robots_primary_cat":"","_seopress_titles_title":"","_seopress_titles_desc":"","_seopress_robots_index":"","footnotes":""},"categories":[1],"tags":[],"class_list":["post-71219","post","type-post","status-publish","format-standard","has-post-thumbnail","hentry","category-ultimas-noticias"],"_links":{"self":[{"href":"https:\/\/mussicom.com\/noticias\/wp-json\/wp\/v2\/posts\/71219","targetHints":{"allow":["GET"]}}],"collection":[{"href":"https:\/\/mussicom.com\/noticias\/wp-json\/wp\/v2\/posts"}],"about":[{"href":"https:\/\/mussicom.com\/noticias\/wp-json\/wp\/v2\/types\/post"}],"author":[{"embeddable":true,"href":"https:\/\/mussicom.com\/noticias\/wp-json\/wp\/v2\/users\/5"}],"replies":[{"embeddable":true,"href":"https:\/\/mussicom.com\/noticias\/wp-json\/wp\/v2\/comments?post=71219"}],"version-history":[{"count":0,"href":"https:\/\/mussicom.com\/noticias\/wp-json\/wp\/v2\/posts\/71219\/revisions"}],"wp:featuredmedia":[{"embeddable":true,"href":"https:\/\/mussicom.com\/noticias\/wp-json\/wp\/v2\/media\/66759"}],"wp:attachment":[{"href":"https:\/\/mussicom.com\/noticias\/wp-json\/wp\/v2\/media?parent=71219"}],"wp:term":[{"taxonomy":"category","embeddable":true,"href":"https:\/\/mussicom.com\/noticias\/wp-json\/wp\/v2\/categories?post=71219"},{"taxonomy":"post_tag","embeddable":true,"href":"https:\/\/mussicom.com\/noticias\/wp-json\/wp\/v2\/tags?post=71219"}],"curies":[{"name":"wp","href":"https:\/\/api.w.org\/{rel}","templated":true}]}}