{"id":71158,"date":"2026-04-03T21:35:24","date_gmt":"2026-04-04T00:35:24","guid":{"rendered":"https:\/\/mussicom.com\/como-o-papa-leao-xiv-escolhe-suas-oracao-mensais\/"},"modified":"2026-04-03T21:35:24","modified_gmt":"2026-04-04T00:35:24","slug":"como-o-papa-leao-xiv-escolhe-suas-oracao-mensais","status":"publish","type":"post","link":"https:\/\/mussicom.com\/noticias\/como-o-papa-leao-xiv-escolhe-suas-oracao-mensais\/","title":{"rendered":"Como o Papa Le\u00e3o XIV escolhe suas ora\u00e7\u00e3o mensais?"},"content":{"rendered":"<p> <br \/>\n<\/p>\n<div id=\"tp-post-content\">\n<p class=\"postParagraph_post-paragraph__juWZN postParagraph_post-paragraph-innerHtml__Q5vwc\">O Papa Le\u00e3o XIV grava seu v\u00eddeo \u201cRezemos com o Papa\u201d todo m\u00eas, mas como ele escolhe as inten\u00e7\u00f5es pelas quais quer que a Igreja reze? \u201cS\u00e3o absolutamente as inten\u00e7\u00f5es do papa; no entanto, ele as define de forma muito sinodal\u201d, ap\u00f3s reunir contribui\u00e7\u00f5es de v\u00e1rias fontes, explicou o padre Crist\u00f3bal Fones, SJ, diretor internacional da Rede Mundial de Ora\u00e7\u00e3o do Papa (RWOP), \u00e0 EWTN News.<\/p>\n<p class=\"postParagraph_post-paragraph__juWZN postParagraph_post-paragraph-innerHtml__Q5vwc\">A rede de ora\u00e7\u00e3o, estabelecida como entidade vaticana pelo Papa Francisco em 2018, realizou recentemente um amplo processo de consulta com seus diretores nacionais em 94 pa\u00edses e membros da C\u00faria Romana. \u201cNo ano passado, recebemos cerca de 300 propostas em diferentes idiomas\u201d, disse Fones. \u201cCategorizamos todas, resumimos e, em seguida, o escrit\u00f3rio internacional da rede de ora\u00e7\u00e3o prop\u00f4s 16 delas ao papa para facilitar seu trabalho.\u201d<\/p>\n<p class=\"postParagraph_post-paragraph__juWZN postParagraph_post-paragraph-innerHtml__Q5vwc\">\u201cEm dezembro, entreguei a ele essas 16 propostas\u2026 ele adicionou outra que n\u00e3o estava na lista original e mudou a ordem\u201d, continuou ele. \u201cEle est\u00e1 bastante envolvido nesse processo. Para ele, isso \u00e9 fundamental\u201d, afirmou.<\/p>\n<p class=\"postParagraph_post-paragraph__juWZN postParagraph_post-paragraph-innerHtml__Q5vwc\">Todo m\u00eas, o Papa Le\u00e3o grava tr\u00eas vers\u00f5es \u2014 em ingl\u00eas, italiano e espanhol \u2014 de sua inten\u00e7\u00e3o de ora\u00e7\u00e3o mensal. \u201c\u00c9 um trabalho enorme\u201d, contou o diretor da RWOP \u00e0 EWTN News. \u201cEle se dedica a isso porque sabe que \u00e9 importante e porque quer rezar junto com as pessoas.\u201d<\/p>\n<p class=\"postParagraph_post-paragraph__juWZN postParagraph_post-paragraph-innerHtml__Q5vwc\">Segundo Fones, o Papa Le\u00e3o continua a tradi\u00e7\u00e3o do Papa Francisco, que gravou o primeiro v\u00eddeo das inten\u00e7\u00f5es mensais em 2016, mas o pont\u00edfice atual imprime seu pr\u00f3prio estilo \u00e0 pr\u00e1tica. \u201c[O Papa Le\u00e3o] quis convidar as pessoas n\u00e3o s\u00f3 a rezar pela inten\u00e7\u00e3o, mas a rezar com ele\u201d, disse ele. \u201cPor isso, pediu um v\u00eddeo em que ele estivesse rezando e as pessoas pudessem se unir a ele.\u201d<\/p>\n<p class=\"postParagraph_post-paragraph__juWZN postParagraph_post-paragraph-innerHtml__Q5vwc\">\u201cEle nos ensina a rezar ao mesmo tempo\u201d, acrescentou Fones, \u201cdizendo \u2018ol\u00e1\u2019 ao Senhor, fazendo uma pausa e colocando significado em cada palavra.\u201d<br \/>Fones relatou que o Papa Le\u00e3o pediu \u00e0 rede global para ajudar as pessoas a cultivar uma \u201camizade\u201d com Deus por meio dos diversos recursos multim\u00eddia que oferecem.<\/p>\n<p class=\"postParagraph_post-paragraph__juWZN postParagraph_post-paragraph-innerHtml__Q5vwc\">\u201cEle me disse: \u2018Por favor, ensine as pessoas a rezar\u2019\u201d, contou Fones. \u201cEle tem plena consci\u00eancia de que podemos ser cat\u00f3licos, mas nem sempre temos esse tipo de rela\u00e7\u00e3o com Jesus.\u201d<\/p>\n<p class=\"postParagraph_post-paragraph__juWZN postParagraph_post-paragraph-innerHtml__Q5vwc\">\u201cA ora\u00e7\u00e3o n\u00e3o \u00e9 algo que fazemos ou dizemos, mas uma rela\u00e7\u00e3o que constru\u00edmos \u2014 n\u00e3o com algo \u2014, mas com algu\u00e9m\u201d, completou ele.<\/p>\n<p class=\"postParagraph_post-paragraph__juWZN postParagraph_post-paragraph-innerHtml__Q5vwc\">Al\u00e9m da campanha \u201cRezemos com o Papa\u201d, a funda\u00e7\u00e3o vaticana tamb\u00e9m oferece um programa espiritual de nove passos chamado \u201cCaminho do Cora\u00e7\u00e3o\u201d.<\/p>\n<p class=\"postParagraph_post-paragraph__juWZN postParagraph_post-paragraph-innerHtml__Q5vwc\">A pedido de Le\u00e3o, a RWOP lan\u00e7ou a campanha \u201cRezemos com o Papa\u201d em janeiro, com o objetivo de ensinar a \u201cora\u00e7\u00e3o de intercess\u00e3o\u201d focada em \u201cCristo e nos desafios da humanidade\u201d.<\/p>\n<p class=\"postParagraph_post-paragraph__juWZN postParagraph_post-paragraph-innerHtml__Q5vwc\">\u201cQuanto mais pr\u00f3ximos estivermos do cora\u00e7\u00e3o de Jesus, mais pr\u00f3ximos estaremos das dores e sofrimentos do mundo, que est\u00e3o no centro do seu cora\u00e7\u00e3o\u201d, disse Fones.<\/p>\n<p class=\"postParagraph_post-paragraph__juWZN postParagraph_post-paragraph-innerHtml__Q5vwc\">\u201cO importante \u00e9 sermos compassivos diante de tantos desafios que enfrentamos no mundo, muito cr\u00edticos, que obviamente est\u00e3o no cora\u00e7\u00e3o do papa, como est\u00e3o no cora\u00e7\u00e3o de tantas pessoas que sofrem esses problemas e\u2026 certamente no cora\u00e7\u00e3o do Senhor Jesus Cristo\u201d, concluiu ele.<\/p>\n<p><em>\u00a92026 Catholic News Agency. Publicado com permiss\u00e3o. Original em ingl\u00eas:<\/em> How does Pope Leo choose his monthly prayer intentions?<\/p>\n<\/div>\n<p><br \/>\n<br \/>Fonte: <a href=\"https:\/\/www.gazetadopovo.com.br\/mundo\/como-o-papa-leao-xiv-escolhe-suas-intencoes-de-oracao-mensais\/\">Revista Oeste<\/a><\/p>\n","protected":false},"excerpt":{"rendered":"<p>O Papa Le\u00e3o XIV grava seu v\u00eddeo \u201cRezemos com o Papa\u201d todo m\u00eas, mas como ele escolhe as inten\u00e7\u00f5es pelas quais quer que a Igreja reze? \u201cS\u00e3o absolutamente as inten\u00e7\u00f5es do papa; no entanto, ele as define de forma muito sinodal\u201d, ap\u00f3s reunir contribui\u00e7\u00f5es de v\u00e1rias fontes, explicou o padre Crist\u00f3bal Fones, SJ, diretor internacional [&hellip;]<\/p>\n","protected":false},"author":5,"featured_media":71159,"comment_status":"open","ping_status":"open","sticky":false,"template":"","format":"standard","meta":{"_seopress_robots_primary_cat":"","_seopress_titles_title":"","_seopress_titles_desc":"","_seopress_robots_index":"","footnotes":""},"categories":[48],"tags":[],"class_list":["post-71158","post","type-post","status-publish","format-standard","has-post-thumbnail","hentry","category-internacional"],"_links":{"self":[{"href":"https:\/\/mussicom.com\/noticias\/wp-json\/wp\/v2\/posts\/71158","targetHints":{"allow":["GET"]}}],"collection":[{"href":"https:\/\/mussicom.com\/noticias\/wp-json\/wp\/v2\/posts"}],"about":[{"href":"https:\/\/mussicom.com\/noticias\/wp-json\/wp\/v2\/types\/post"}],"author":[{"embeddable":true,"href":"https:\/\/mussicom.com\/noticias\/wp-json\/wp\/v2\/users\/5"}],"replies":[{"embeddable":true,"href":"https:\/\/mussicom.com\/noticias\/wp-json\/wp\/v2\/comments?post=71158"}],"version-history":[{"count":0,"href":"https:\/\/mussicom.com\/noticias\/wp-json\/wp\/v2\/posts\/71158\/revisions"}],"wp:featuredmedia":[{"embeddable":true,"href":"https:\/\/mussicom.com\/noticias\/wp-json\/wp\/v2\/media\/71159"}],"wp:attachment":[{"href":"https:\/\/mussicom.com\/noticias\/wp-json\/wp\/v2\/media?parent=71158"}],"wp:term":[{"taxonomy":"category","embeddable":true,"href":"https:\/\/mussicom.com\/noticias\/wp-json\/wp\/v2\/categories?post=71158"},{"taxonomy":"post_tag","embeddable":true,"href":"https:\/\/mussicom.com\/noticias\/wp-json\/wp\/v2\/tags?post=71158"}],"curies":[{"name":"wp","href":"https:\/\/api.w.org\/{rel}","templated":true}]}}